{"id":110796,"date":"2017-04-08T18:12:46","date_gmt":"2017-04-08T15:12:46","guid":{"rendered":"http:\/\/www.sana.sy\/tr\/?p=110796"},"modified":"2017-04-09T13:53:53","modified_gmt":"2017-04-09T10:53:53","slug":"teroristler-yolcu-minibusune-havaya-ucurdu","status":"publish","type":"post","link":"https:\/\/archive.sana.sy\/tr\/?p=110796","title":{"rendered":"Ter\u00f6ristler Yolcu Minib\u00fcs\u00fcne Havaya U\u00e7urdu"},"content":{"rendered":"<p>HOMS \u2013 Homs Emniyet M\u00fcd\u00fcrl\u00fc\u011f\u00fcnde yetkili bir kaynak; ter\u00f6ristlerin Homs k\u0131rsal\u0131 Hesya Beldesinde bir yolcu minib\u00fcs\u00fcne yerle\u015ftirildikleri bomba d\u00fczene\u011fini havaya u\u00e7urduklar\u0131n\u0131 ifade etti.<\/p>\n<p>Kaynak; hain bombal\u0131 ter\u00f6r eyleminde bir\u00e7ok sivil vatanda\u015f\u0131n yaral\u0131 d\u00fc\u015ft\u00fcklerini aktard\u0131.<\/p>\n","protected":false},"excerpt":{"rendered":"<p>HOMS \u2013 Homs Emniyet M\u00fcd\u00fcrl\u00fc\u011f\u00fcnde yetkili bir kaynak; ter\u00f6ristlerin Homs k\u0131rsal\u0131 Hesya Beldesinde bir yolcu minib\u00fcs\u00fcne yerle\u015ftirildikleri bomba d\u00fczene\u011fini havaya u\u00e7urduklar\u0131n\u0131 ifade etti. Kaynak; hain bombal\u0131 ter\u00f6r eyleminde bir\u00e7ok sivil vatanda\u015f\u0131n yaral\u0131 d\u00fc\u015ft\u00fcklerini aktard\u0131.<\/p>\n","protected":false},"author":1,"featured_media":110798,"comment_status":"closed","ping_status":"closed","sticky":false,"template":"","format":"standard","meta":{"footnotes":""},"categories":[479,575,17988,478],"tags":[28913,28912],"class_list":["post-110796","post","type-post","status-publish","format-standard","has-post-thumbnail","","category-haberler-yerel","category-olaylar-ve-gercekler","category-son-haberler","category-yerel","tag-homs-homs-emniyet-mudurlugunde-yetkili-bir-kaynak-teroristlerin-homs-kirsali-hesya-beldesinde-bir-yolcu-minibusune-yerlestirildikleri-bomba-duzenegini-havaya-ucurduklarini-ifade-etti","tag-teroristler-yolcu-minibusune-havaya-ucurdu"],"_links":{"self":[{"href":"https:\/\/archive.sana.sy\/tr\/index.php?rest_route=\/wp\/v2\/posts\/110796","targetHints":{"allow":["GET"]}}],"collection":[{"href":"https:\/\/archive.sana.sy\/tr\/index.php?rest_route=\/wp\/v2\/posts"}],"about":[{"href":"https:\/\/archive.sana.sy\/tr\/index.php?rest_route=\/wp\/v2\/types\/post"}],"author":[{"embeddable":true,"href":"https:\/\/archive.sana.sy\/tr\/index.php?rest_route=\/wp\/v2\/users\/1"}],"replies":[{"embeddable":true,"href":"https:\/\/archive.sana.sy\/tr\/index.php?rest_route=%2Fwp%2Fv2%2Fcomments&post=110796"}],"version-history":[{"count":0,"href":"https:\/\/archive.sana.sy\/tr\/index.php?rest_route=\/wp\/v2\/posts\/110796\/revisions"}],"wp:featuredmedia":[{"embeddable":true,"href":"https:\/\/archive.sana.sy\/tr\/index.php?rest_route=\/wp\/v2\/media\/110798"}],"wp:attachment":[{"href":"https:\/\/archive.sana.sy\/tr\/index.php?rest_route=%2Fwp%2Fv2%2Fmedia&parent=110796"}],"wp:term":[{"taxonomy":"category","embeddable":true,"href":"https:\/\/archive.sana.sy\/tr\/index.php?rest_route=%2Fwp%2Fv2%2Fcategories&post=110796"},{"taxonomy":"post_tag","embeddable":true,"href":"https:\/\/archive.sana.sy\/tr\/index.php?rest_route=%2Fwp%2Fv2%2Ftags&post=110796"}],"curies":[{"name":"wp","href":"https:\/\/api.w.org\/{rel}","templated":true}]}}