{"id":110804,"date":"2017-04-09T09:00:45","date_gmt":"2017-04-09T06:00:45","guid":{"rendered":"http:\/\/www.sana.sy\/tr\/?p=110804"},"modified":"2017-04-10T15:25:56","modified_gmt":"2017-04-10T12:25:56","slug":"abd-saldirisi-uluslararasi-duzeyde-kinandi","status":"publish","type":"post","link":"https:\/\/archive.sana.sy\/tr\/?p=110804","title":{"rendered":"ABD Sald\u0131r\u0131s\u0131 Uluslararas\u0131 D\u00fczeyde K\u0131nand\u0131"},"content":{"rendered":"<p>BA\u015eKENTLER \u2013 \u0130ran Ba\u015fkan\u0131 H\u00fcseyin Ruhani ABD\u2019nin Suriye\u2019ye sald\u0131r\u0131s\u0131n\u0131n uluslararas\u0131 b\u00fct\u00fcn kanunlara ve geleneklere ayk\u0131r\u0131 oldu\u011funu ifade ederek bu sald\u0131r\u0131y\u0131 me\u015frula\u015ft\u0131racak hi\u00e7bir gerek\u00e7e bulunmad\u0131\u011f\u0131n\u0131n alt\u0131n\u0131 \u00e7izdi.<\/p>\n<p>D\u00fcn Tahran\u2019da d\u00fczenlenen Direni\u015f\u00e7i Ekonomi ve K\u00f6ylerin Geli\u015ftirilmesi Forumu a\u00e7\u0131l\u0131\u015f\u0131nda bir konu\u015fma yapan Ruhani kendini d\u00fcnyan\u0131n polisi, lideri ve h\u00e2kimi olarak tayin eden ABD\u2019nin yarg\u0131s\u0131z infaz yaparak Suriye\u2019de bir askeri \u00fcss\u00fc bombalamas\u0131n\u0131 \u015fiddetle k\u0131nad\u0131\u011f\u0131n\u0131 vurgulad\u0131.<\/p>\n<p>\u0130ran D\u0131\u015fi\u015fleri Bakan\u0131 Muhammed Cevat Zarif de ABD\u2019nin Suriye topraklar\u0131n\u0131 hedef ald\u0131\u011f\u0131 sald\u0131r\u0131s\u0131n\u0131 tehlikeli bir ad\u0131m ve uluslararas\u0131 b\u00fct\u00fcn kanunlara ayk\u0131r\u0131 \u015feklinde nitelendi.<\/p>\n<p>Tahran\u2019a bir ziyaret amac\u0131yla gelen Macaristan ba\u015fbakan yard\u0131mc\u0131s\u0131 Julet \u015eemin\u2019i a\u011f\u0131rlayan Zarif uluslararas\u0131 g\u00fcvenli\u011fin peki\u015ftirilmesinde ortak anlay\u0131\u015f ve diyalogun \u00f6nemine vurgu yapt\u0131.<\/p>\n<p>\u0130ran\u2019\u0131n BM\u2019de Daimi Temsilcisi Gulam Ali Ha\u015fro ABD\u2019nin Suriye\u2019ye sald\u0131r\u0131s\u0131n\u0131 \u015fiddetle k\u0131nad\u0131.<\/p>\n<p>BM Genel Kurulunda d\u00fcn ak\u015fam yapt\u0131\u011f\u0131 konu\u015fmada \u00fclkesi ad\u0131na ABD\u2019nin Suriye\u2019ye sald\u0131r\u0131s\u0131n\u0131 \u015fiddetle k\u0131nayan Ha\u015fro, BM \u00fcyesi bir \u00fclkenin hayali bahanelerle bombalanmas\u0131n\u0131n tehlikeli bir ad\u0131m oldu\u011funu ve bu ad\u0131m\u0131n hem Suriye\u2019de hem de b\u00f6lgede krizin daha da b\u00fcy\u00fcmesine neden olaca\u011f\u0131n\u0131 belirtti.<\/p>\n<p>\u0130ran D\u0131\u015f \u0130li\u015fkiler Stratejileri Komisyonu Ba\u015fkan\u0131 Kemal Herazi, ABD\u2019nin Suriye\u2019ye sald\u0131r\u0131s\u0131n\u0131 uluslararas\u0131 b\u00fct\u00fcn kanunlara ayk\u0131r\u0131 oldu\u011funu ve bu sald\u0131r\u0131n\u0131n ter\u00f6re destek verdi\u011fini belirtti.<\/p>\n<p>\u00c7e\u00e7enistan Ba\u015fkan\u0131 Ramazan Kadirov ABD\u2019nin Suriye\u2019ye sald\u0131r\u0131s\u0131n\u0131n I\u015e\u0130D ter\u00f6r \u00f6rg\u00fct\u00fcne hizmet etti\u011fini dile getirerek bu sald\u0131r\u0131n\u0131n ter\u00f6ristler i\u00e7in de\u011ferli bir hediye te\u015fkil etti\u011fini belirtti.<\/p>\n<p>\u0130ran Silahl\u0131 Kuvvetler Genelkurmay Ba\u015fkan\u0131 Tu\u011fgeneral Muhammed Bak\u0131ri ve Rusya Genelkurmay Ba\u015fkan\u0131 General Valery Gerasimov ABD\u2019nin Suriye sald\u0131r\u0131s\u0131n\u0131 k\u0131nayarak bu sald\u0131r\u0131n\u0131n Suriye Arap Ordusunun zaferlerinin \u00f6n\u00fcn\u00fc kesmek ve ter\u00f6re takviye sa\u011flamak amac\u0131yla d\u00fczenlenmi\u015f bir plan oldu\u011funu belirttiler.<\/p>\n<p>Demokratik Kore ABD\u2019nin Suriye\u2019ye sald\u0131r\u0131s\u0131n\u0131 k\u0131nayarak bu sald\u0131rgan ad\u0131m\u0131 affedilemez \u015feklinde tan\u0131mlad\u0131.<\/p>\n<p>Demokratik Kore Haber Ajans\u0131 yay\u0131nlad\u0131\u011f\u0131 haberde D\u0131\u015fi\u015fleri Bakanl\u0131\u011f\u0131 Resmi S\u00f6zc\u00fcs\u00fcn\u00fcn ABD\u2019nin Suriye\u2019yi iki roketle hedef almas\u0131n\u0131n a\u00e7\u0131k\u00e7a sald\u0131rgan affedilemez bir tutum oldu\u011funu ifade ederek Demokratik Kore\u2019nin bu sald\u0131r\u0131y\u0131 \u015fiddetle k\u0131nad\u0131\u011f\u0131n\u0131 belirtti\u011fini aktard\u0131.<\/p>\n<p>K\u00fcba ABD\u2019nin Suriye\u2019yi hedef alan sald\u0131r\u0131s\u0131n\u0131 \u015fiddetle k\u0131nayarak BM \u00e7er\u00e7evesi d\u0131\u015f\u0131nda b\u00f6ylesi tehlikeli bir tehdit unsuru te\u015fkil edecek \u015fekilde g\u00fc\u00e7 kullan\u0131lmas\u0131n\u0131n BM misak\u0131 ve b\u00fct\u00fcn uluslararas\u0131 kanunlara ayk\u0131r\u0131 oldu\u011funun alt\u0131n\u0131 \u00e7izdi.<\/p>\n<p>Yemen Temsilciler Meclisi ABD\u2019nin Suriye\u2019yi al\u00e7ak\u00e7a hedef ald\u0131\u011f\u0131 sald\u0131r\u0131n\u0131n ba\u015fta I\u015e\u0130D ter\u00f6r \u00f6rg\u00fct\u00fc olmak \u00fczere b\u00fct\u00fcn silahl\u0131 ter\u00f6r \u00f6rg\u00fctlerine destek ama\u00e7l\u0131 d\u00fczenlendi\u011fini ifade ederek bu sald\u0131r\u0131y\u0131 \u015fiddetle k\u0131nad\u0131\u011f\u0131n\u0131 belirtti.<\/p>\n<p>\u00c7ek Cumhuriyeti Temsilciler Meclisi Ba\u015fkan\u0131 Yard\u0131mc\u0131s\u0131 Vojtech Filip ABD\u2019nin BM ile hi\u00e7bir g\u00f6r\u00fc\u015fme yap\u0131lmadan a\u00e7\u0131k\u00e7a ba\u011f\u0131ms\u0131z egemenli\u011fe sahip bir devleti bombalamas\u0131n\u0131n uluslararas\u0131 b\u00fct\u00fcn kanunlara sald\u0131r\u0131 anlam\u0131na geldi\u011fini ifade ederek bu sald\u0131r\u0131y\u0131 \u015fiddetle k\u0131nad\u0131\u011f\u0131n\u0131 belirtti.<\/p>\n<p>Rusya\u2019n\u0131n L\u00fcbnan B\u00fcy\u00fckel\u00e7isi Alexander Zasebikin ABD\u2019nin Suriye\u2019ye sald\u0131r\u0131s\u0131n\u0131n uluslararas\u0131 b\u00fct\u00fcn kanun ve geleneklere ayk\u0131r\u0131l\u0131k te\u015fkil eden tehlikeli bir ad\u0131m oldu\u011funu ifade ederek sald\u0131r\u0131y\u0131 \u015fiddetle k\u0131nad\u0131\u011f\u0131n\u0131n alt\u0131n\u0131 \u00e7izdi.<\/p>\n<p>T\u00fcrkiye Kom\u00fcnist Partisi \u0130stanbul\u2019da ABD konsoloslu\u011fu \u00f6n\u00fcnde d\u00fczenledi\u011fi protesto g\u00f6sterisinde ABD\u2019nin Suriye\u2019ye sald\u0131r\u0131s\u0131n\u0131 k\u0131nad\u0131\u011f\u0131n\u0131 ve protesto etti\u011fini a\u00e7\u0131klad\u0131.<\/p>\n<p>Arap Milli\u00a0Birlik \u00d6rg\u00fct\u00fc ABD\u2019nin Suriye\u2019ye sald\u0131r\u0131s\u0131n\u0131 k\u0131nayarak bu sald\u0131r\u0131n\u0131n ter\u00f6re a\u00e7\u0131k\u00e7a destek anlam\u0131na geldi\u011fini ve Suriye\u2019de kan akmaya devam etmesi y\u00f6n\u00fcndeki b\u00fcy\u00fck iste\u011fi yans\u0131tt\u0131\u011f\u0131n\u0131 belirtti.<\/p>\n<p>Libya A\u015firetleri ve Kentleri Y\u00fcksek Komisyonu ABD\u2019nin Suriye\u2019ye sald\u0131r\u0131s\u0131n\u0131n Washington\u2019un ter\u00f6re a\u00e7\u0131k deste\u011fini yans\u0131tt\u0131\u011f\u0131n\u0131 ifade ederek sald\u0131r\u0131y\u0131 \u015fiddetle k\u0131nad\u0131.<\/p>\n<p>Avrupa \u00fclkelerinde ya\u015fayan gurbet\u00e7iler\u00a0ve e\u011fitimlerini s\u00fcrd\u00fcren \u00f6\u011frenciler Suriyeli gurbet\u00e7iler de yapt\u0131klar\u0131 a\u00e7\u0131klamalarda ABD\u2019nin Suriye\u2019ye sald\u0131r\u0131s\u0131n\u0131n Washington\u2019un Suriye\u2019de ter\u00f6re yapt\u0131\u011f\u0131 deste\u011fi en a\u00e7\u0131k \u015fekilde ifade etti\u011fini dile getirerek anavatanda tekfirci ter\u00f6r d\u00fc\u015f\u00fcnceleri ve silahlar\u0131n\u0131n tamamen yok edilece\u011fi zafere kadar ter\u00f6re kar\u015f\u0131 m\u00fccadeleyi destekleyeceklerini belirttiler.<\/p>\n<p>Suriye Ulusal \u00d6\u011frenci Birli\u011fi L\u00fcbnan \u015eubesi ABD\u2019nin Suriye\u2019ye sald\u0131r\u0131s\u0131n\u0131n BM misak\u0131n\u0131n ve uluslararas\u0131 b\u00fct\u00fcn kanunlar\u0131n a\u00e7\u0131k\u00e7a \u00e7i\u011fnenmesi anlam\u0131na geldi\u011fini ifade ederek ba\u011f\u0131ms\u0131z ulusal egemenli\u011fe sahip bir devletin bu \u015fekilde hedef al\u0131nmas\u0131n\u0131 \u015fiddetle protesto etti\u011fini belirtti.<\/p>\n<p>Filistinli ve L\u00fcbnanl\u0131 bir\u00e7ok siyasi parti ve \u015fahsiyet de yapt\u0131klar\u0131 a\u00e7\u0131klamalarda ABD\u2019nin sald\u0131r\u0131s\u0131n\u0131 k\u0131nayarak bu sald\u0131r\u0131n\u0131n uluslararas\u0131 b\u00fct\u00fcn kanun ve geleneklere ayk\u0131r\u0131 oldu\u011funun alt\u0131n\u0131 \u00e7izdiler.<\/p>\n<p>Direni\u015f ve Suriye\u2019nin Zaferi \u0130\u00e7in Irak Halk Komisyonu ABD\u2019nin Ortado\u011fu b\u00f6lgesini ve halklar\u0131n\u0131 hedef alan b\u00fct\u00fcn sald\u0131r\u0131lar\u0131 k\u0131nayarak Suriye\u2019ye kar\u015f\u0131 d\u00fczenlenen sald\u0131r\u0131y\u0131 ayn\u0131 zamanda b\u00fct\u00fcn b\u00f6lge halk\u0131n\u0131 hedef alan bir sald\u0131r\u0131 olarak nitelendirdi.<\/p>\n","protected":false},"excerpt":{"rendered":"<p>BA\u015eKENTLER \u2013 \u0130ran Ba\u015fkan\u0131 H\u00fcseyin Ruhani ABD\u2019nin Suriye\u2019ye sald\u0131r\u0131s\u0131n\u0131n uluslararas\u0131 b\u00fct\u00fcn kanunlara ve geleneklere ayk\u0131r\u0131 oldu\u011funu ifade ederek bu sald\u0131r\u0131y\u0131 me\u015frula\u015ft\u0131racak hi\u00e7bir gerek\u00e7e bulunmad\u0131\u011f\u0131n\u0131n alt\u0131n\u0131 \u00e7izdi. D\u00fcn Tahran\u2019da d\u00fczenlenen Direni\u015f\u00e7i Ekonomi ve K\u00f6ylerin Geli\u015ftirilmesi Forumu a\u00e7\u0131l\u0131\u015f\u0131nda bir konu\u015fma yapan Ruhani kendini d\u00fcnyan\u0131n polisi, lideri ve h\u00e2kimi olarak tayin eden ABD\u2019nin yarg\u0131s\u0131z infaz yaparak Suriye\u2019de bir &hellip;<\/p>\n","protected":false},"author":1,"featured_media":110805,"comment_status":"closed","ping_status":"closed","sticky":false,"template":"","format":"standard","meta":{"footnotes":""},"categories":[458,459,17988],"tags":[1381,22156,24099,23999,25588,28915,18574,19043,22182,28914],"class_list":["post-110804","post","type-post","status-publish","format-standard","has-post-thumbnail","","category-dunya1","category-haberler-arap-uluslararasi-politika","category-son-haberler","tag-abd","tag-abd-idaresi","tag-abd-saldirisi","tag-abdnin-suriyeye-saldirisi","tag-donald-trump","tag-suayrat-hava-ussu","tag-suriye-krizi","tag-suriyede-son-durum","tag-suriyede-savas","tag-uluslararasi-kinama"],"_links":{"self":[{"href":"https:\/\/archive.sana.sy\/tr\/index.php?rest_route=\/wp\/v2\/posts\/110804","targetHints":{"allow":["GET"]}}],"collection":[{"href":"https:\/\/archive.sana.sy\/tr\/index.php?rest_route=\/wp\/v2\/posts"}],"about":[{"href":"https:\/\/archive.sana.sy\/tr\/index.php?rest_route=\/wp\/v2\/types\/post"}],"author":[{"embeddable":true,"href":"https:\/\/archive.sana.sy\/tr\/index.php?rest_route=\/wp\/v2\/users\/1"}],"replies":[{"embeddable":true,"href":"https:\/\/archive.sana.sy\/tr\/index.php?rest_route=%2Fwp%2Fv2%2Fcomments&post=110804"}],"version-history":[{"count":0,"href":"https:\/\/archive.sana.sy\/tr\/index.php?rest_route=\/wp\/v2\/posts\/110804\/revisions"}],"wp:featuredmedia":[{"embeddable":true,"href":"https:\/\/archive.sana.sy\/tr\/index.php?rest_route=\/wp\/v2\/media\/110805"}],"wp:attachment":[{"href":"https:\/\/archive.sana.sy\/tr\/index.php?rest_route=%2Fwp%2Fv2%2Fmedia&parent=110804"}],"wp:term":[{"taxonomy":"category","embeddable":true,"href":"https:\/\/archive.sana.sy\/tr\/index.php?rest_route=%2Fwp%2Fv2%2Fcategories&post=110804"},{"taxonomy":"post_tag","embeddable":true,"href":"https:\/\/archive.sana.sy\/tr\/index.php?rest_route=%2Fwp%2Fv2%2Ftags&post=110804"}],"curies":[{"name":"wp","href":"https:\/\/api.w.org\/{rel}","templated":true}]}}