{"id":11081,"date":"2014-09-24T09:11:14","date_gmt":"2014-09-24T06:11:14","guid":{"rendered":"http:\/\/www.sana.sy\/tr\/?p=11081"},"modified":"2014-09-24T09:11:14","modified_gmt":"2014-09-24T06:11:14","slug":"abd-ve-ortaklarinin-ucaklari-isid-ve-nursa-cephesinin-rakka-deyrezzor-ve-idlibdeki-mevzilerini-vurdu","status":"publish","type":"post","link":"https:\/\/archive.sana.sy\/tr\/?p=11081","title":{"rendered":"ABD ve Ortaklar\u0131n\u0131n U\u00e7aklar\u0131 I\u015e\u0130D ve nursa Cephesinin Rakka, Deyrezzor ve \u0130dlib\u2019deki Mevzilerini Vurdu"},"content":{"rendered":"<p>\u0130LLER \u2013 Amerika Birle\u015fik Devletleriyle ortaklar\u0131n\u0131n sava\u015f u\u00e7aklar\u0131 d\u00fcn sabah Rakka kentindeki s\u00f6zde \u201cIrak ve \u015eam \u0130slam Devleti\u201d adl\u0131 ter\u00f6r \u00f6rg\u00fct\u00fc mevzilerini bombard\u0131man ate\u015fine tuttu.<\/p>\n<p>Baz\u0131 ahaliler SANA muhabirine a\u00e7\u0131klamalar\u0131nda, \u00f6rg\u00fct ter\u00f6ristlerinin konu\u015fland\u0131\u011f\u0131 Valilik binas\u0131, gen\u00e7lik kamp\u0131, Vatan Hastanesi yak\u0131nlar\u0131 ve el Furusiyye Bulvar\u0131ndaki ter\u00f6ristlerin kontrol noktas\u0131 yan\u0131 s\u0131ra, Tabka kenti ve Rakka\u2019n\u0131n do\u011fu k\u0131rsal\u0131ndaki Madan Kentindeki \u00fcs ve toplanma merkezlerinin hedef al\u0131narak imha edildi\u011fini ifade ettiler.<\/p>\n<p>ABD ve ortaklar\u0131 ayr\u0131ca, Deyrezzor do\u011fu k\u0131rsal\u0131n\u0131n Al Bukmal Kenti ve Suveyiye K\u00f6y\u00fc ile bat\u0131 k\u0131rsal\u0131ndaki Tebenni Beldesindeki \u00f6rg\u00fct \u00fcs ve toplanma merkezlerine bir ka\u00e7 bombard\u0131man d\u00fczenledi.<\/p>\n<p>Al Bukmal Kenti ahalilerinden biri SANA muhabirine a\u00e7\u0131klamas\u0131nda, hava bombard\u0131manlar\u0131n\u0131n kentteki Ziraat Lisesi ve Bu\u011fday silolar\u0131nda konu\u015flanan \u00f6rg\u00fctten \u00e7ok say\u0131da ter\u00f6ristin \u00f6ld\u00fcr\u00fclmesine yol a\u00e7t\u0131\u011f\u0131n\u0131 buna ek olarak Suveyiye\u2019de de baz\u0131 elemanlar\u0131 ile ara\u00e7lar\u0131n\u0131n etkisiz hale getirildi\u011fini s\u00f6yledi.<\/p>\n<p>Tebenni Beldesinde ise ahalilerden baz\u0131lar\u0131, hava bombard\u0131manlar\u0131n\u0131n \u00f6rg\u00fct elemanlar\u0131ndan \u00e7ok say\u0131da ter\u00f6ristin \u00f6lmesi ara\u00e7lar\u0131n\u0131n da imha edilmesine yol a\u00e7t\u0131\u011f\u0131na dikkat \u00e7ekti.<\/p>\n<p><span style=\"color: #0000ff\">Amerika ve Ortaklar\u0131n\u0131n U\u00e7aklar\u0131 \u0130dlib K\u0131rsal\u0131nda Nusra Cephesi Ter\u00f6r \u00d6rg\u00fct\u00fc Mevzilerini Hedef Ald\u0131<\/span><\/p>\n<p>\u0130dlib k\u0131rsal\u0131 Kefardiryan\u2019da yerel kaynaklar, Amerika ve ortaklar\u0131 u\u00e7aklar\u0131n\u0131n \u201cNusra Cephesi\u201d ter\u00f6r \u00f6rg\u00fct\u00fcn\u00fcn Fecr Beldesindeki mevzilerini d\u00fcn sabah (Sal\u0131 G\u00fcn\u00fc) hedef ald\u0131klar\u0131n\u0131 ifade ettiler.<\/p>\n<p>SANA muhabiri kaynaklardan naklen, hava sald\u0131r\u0131lar\u0131n\u0131n hedef al\u0131nan mevzilerde b\u00fcy\u00fck y\u0131k\u0131ma yol a\u00e7t\u0131\u011f\u0131n\u0131 s\u00f6yledi.<\/p>\n<p>Kefardiyan K\u00f6y\u00fc, \u0130dlib\u2019in kuzeyinde yakla\u015f\u0131k 60 km uzakl\u0131kta olup, T\u00fcrkiye s\u0131n\u0131r\u0131na yak\u0131n idari olarak da Harem B\u00f6lgesine ba\u011fl\u0131d\u0131r.<\/p>\n","protected":false},"excerpt":{"rendered":"<p>\u0130LLER \u2013 Amerika Birle\u015fik Devletleriyle ortaklar\u0131n\u0131n sava\u015f u\u00e7aklar\u0131 d\u00fcn sabah Rakka kentindeki s\u00f6zde \u201cIrak ve \u015eam \u0130slam Devleti\u201d adl\u0131 ter\u00f6r \u00f6rg\u00fct\u00fc mevzilerini bombard\u0131man ate\u015fine tuttu. Baz\u0131 ahaliler SANA muhabirine a\u00e7\u0131klamalar\u0131nda, \u00f6rg\u00fct ter\u00f6ristlerinin konu\u015fland\u0131\u011f\u0131 Valilik binas\u0131, gen\u00e7lik kamp\u0131, Vatan Hastanesi yak\u0131nlar\u0131 ve el Furusiyye Bulvar\u0131ndaki ter\u00f6ristlerin kontrol noktas\u0131 yan\u0131 s\u0131ra, Tabka kenti ve Rakka\u2019n\u0131n do\u011fu k\u0131rsal\u0131ndaki &hellip;<\/p>\n","protected":false},"author":1,"featured_media":11082,"comment_status":"closed","ping_status":"closed","sticky":false,"template":"","format":"standard","meta":{"footnotes":""},"categories":[458,459],"tags":[2670,2671],"class_list":["post-11081","post","type-post","status-publish","format-standard","has-post-thumbnail","","category-dunya1","category-haberler-arap-uluslararasi-politika","tag-abd-ve-ortaklarinin-ucaklari-isid-ve-nursa-cephesinin-rakka","tag-deyrezzor-ve-idlibdeki-mevzilerini-vurdu"],"_links":{"self":[{"href":"https:\/\/archive.sana.sy\/tr\/index.php?rest_route=\/wp\/v2\/posts\/11081","targetHints":{"allow":["GET"]}}],"collection":[{"href":"https:\/\/archive.sana.sy\/tr\/index.php?rest_route=\/wp\/v2\/posts"}],"about":[{"href":"https:\/\/archive.sana.sy\/tr\/index.php?rest_route=\/wp\/v2\/types\/post"}],"author":[{"embeddable":true,"href":"https:\/\/archive.sana.sy\/tr\/index.php?rest_route=\/wp\/v2\/users\/1"}],"replies":[{"embeddable":true,"href":"https:\/\/archive.sana.sy\/tr\/index.php?rest_route=%2Fwp%2Fv2%2Fcomments&post=11081"}],"version-history":[{"count":0,"href":"https:\/\/archive.sana.sy\/tr\/index.php?rest_route=\/wp\/v2\/posts\/11081\/revisions"}],"wp:featuredmedia":[{"embeddable":true,"href":"https:\/\/archive.sana.sy\/tr\/index.php?rest_route=\/wp\/v2\/media\/11082"}],"wp:attachment":[{"href":"https:\/\/archive.sana.sy\/tr\/index.php?rest_route=%2Fwp%2Fv2%2Fmedia&parent=11081"}],"wp:term":[{"taxonomy":"category","embeddable":true,"href":"https:\/\/archive.sana.sy\/tr\/index.php?rest_route=%2Fwp%2Fv2%2Fcategories&post=11081"},{"taxonomy":"post_tag","embeddable":true,"href":"https:\/\/archive.sana.sy\/tr\/index.php?rest_route=%2Fwp%2Fv2%2Ftags&post=11081"}],"curies":[{"name":"wp","href":"https:\/\/api.w.org\/{rel}","templated":true}]}}