{"id":110812,"date":"2017-04-09T10:00:22","date_gmt":"2017-04-09T07:00:22","guid":{"rendered":"http:\/\/www.sana.sy\/tr\/?p=110812"},"modified":"2017-04-10T15:25:49","modified_gmt":"2017-04-10T12:25:49","slug":"suriye-gulumsemesi-geri-geldi-cocuklarin-yuzlerine-mutlulugu-resmediyor","status":"publish","type":"post","link":"https:\/\/archive.sana.sy\/tr\/?p=110812","title":{"rendered":"Suriye G\u00fcl\u00fcmsemesi Geri Geldi\u2026 \u00c7ocuklar\u0131n Y\u00fczlerine Mutlulu\u011fu Resmediyor (video)"},"content":{"rendered":"<p>\u015eAM &#8211; \u201cSuriye G\u00fcl\u00fcmsemesi Geri Geldi\u201d Toplulu\u011fu; bug\u00fcn ba\u015flatt\u0131\u011f\u0131 tan\u0131t\u0131m kampanyas\u0131 kapsam\u0131nda Turizm Bakanl\u0131\u011f\u0131 ile i\u015fbirli\u011fi i\u00e7erisinde Dama Rose otelinde d\u00fczenledi\u011fi tan\u0131t\u0131m konferans\u0131nda toplulu\u011fun amac\u0131n\u0131; \u00e7ocuklar\u0131m\u0131z\u0131n y\u00fczlerinde mutlulu\u011fu resmetmek, onlar\u0131 korumak ve yeteneklerini geli\u015ftirmek \u015feklinde ifade etti.<\/p>\n<p><a href=\"http:\/\/www.sana.sy\/tr\/wp-content\/uploads\/2017\/04\/2-35.jpg\"><img loading=\"lazy\" decoding=\"async\" class=\"alignright wp-image-110827 size-medium\" src=\"http:\/\/www.sana.sy\/tr\/wp-content\/uploads\/2017\/04\/2-35-300x200.jpg\" alt=\"\" width=\"300\" height=\"200\" srcset=\"https:\/\/archive.sana.sy\/tr\/wp-content\/uploads\/2017\/04\/2-35-300x200.jpg 300w, https:\/\/archive.sana.sy\/tr\/wp-content\/uploads\/2017\/04\/2-35-150x100.jpg 150w, https:\/\/archive.sana.sy\/tr\/wp-content\/uploads\/2017\/04\/2-35.jpg 660w\" sizes=\"auto, (max-width: 300px) 100vw, 300px\" \/><\/a>Suriye G\u00fcl\u00fcmsemesi Geri Geldi Toplulu\u011fu Y\u00f6netim Kurulu Ba\u015fkan\u0131 Adem Ebu Libade, konferansta yapt\u0131\u011f\u0131 konu\u015fmada topluluk \u00fcyelerinin 3000 ki\u015fiyi a\u015ft\u0131\u011f\u0131n\u0131 ve Suriyeli b\u00fct\u00fcn \u00e7ocuklar\u0131 ve gen\u00e7leri \u00e7at\u0131s\u0131 alt\u0131nda toplamay\u0131 hedefledi\u011fini ifade ederek \u201c\u015eam\u2019dan B\u00fct\u00fcn D\u00fcnyaya\u201d ba\u015fl\u0131\u011f\u0131 alt\u0131nda bir araya gelen toplulu\u011fun 36 Arap ve Yabanc\u0131 \u00fclkede temsil edildi\u011fini belirtti.<\/p>\n<p>Ebu Libade; toplulu\u011fun hedefleri aras\u0131nda, Suriye\u2019yi hedef alan sava\u015ftan etkilenen \u00e7ocuklara psikolojik ve e\u011fitim deste\u011fi vermenin de bulundu\u011funa i\u015faret ederek ayr\u0131ca \u00fccretsiz t\u0131bbi hizmet sunmak amac\u0131yla \u015eam\u2019dan 75 doktor ile s\u00f6zle\u015fme yap\u0131ld\u0131\u011f\u0131n\u0131 belirtti.<\/p>\n<p>https:\/\/www.youtube.com\/watch?v=PHNvh64sN-4<\/p>\n","protected":false},"excerpt":{"rendered":"<p>\u015eAM &#8211; \u201cSuriye G\u00fcl\u00fcmsemesi Geri Geldi\u201d Toplulu\u011fu; bug\u00fcn ba\u015flatt\u0131\u011f\u0131 tan\u0131t\u0131m kampanyas\u0131 kapsam\u0131nda Turizm Bakanl\u0131\u011f\u0131 ile i\u015fbirli\u011fi i\u00e7erisinde Dama Rose otelinde d\u00fczenledi\u011fi tan\u0131t\u0131m konferans\u0131nda toplulu\u011fun amac\u0131n\u0131; \u00e7ocuklar\u0131m\u0131z\u0131n y\u00fczlerinde mutlulu\u011fu resmetmek, onlar\u0131 korumak ve yeteneklerini geli\u015ftirmek \u015feklinde ifade etti. Suriye G\u00fcl\u00fcmsemesi Geri Geldi Toplulu\u011fu Y\u00f6netim Kurulu Ba\u015fkan\u0131 Adem Ebu Libade, konferansta yapt\u0131\u011f\u0131 konu\u015fmada topluluk \u00fcyelerinin 3000 ki\u015fiyi &hellip;<\/p>\n","protected":false},"author":1,"featured_media":110826,"comment_status":"closed","ping_status":"closed","sticky":false,"template":"","format":"standard","meta":{"footnotes":""},"categories":[479,17988,478],"tags":[28919],"class_list":["post-110812","post","type-post","status-publish","format-standard","has-post-thumbnail","","category-haberler-yerel","category-son-haberler","category-yerel","tag-suriye-gulumsemesi-geri-geldi-cocuklarin-yuzlerine-mutlulugu-resmediyor"],"_links":{"self":[{"href":"https:\/\/archive.sana.sy\/tr\/index.php?rest_route=\/wp\/v2\/posts\/110812","targetHints":{"allow":["GET"]}}],"collection":[{"href":"https:\/\/archive.sana.sy\/tr\/index.php?rest_route=\/wp\/v2\/posts"}],"about":[{"href":"https:\/\/archive.sana.sy\/tr\/index.php?rest_route=\/wp\/v2\/types\/post"}],"author":[{"embeddable":true,"href":"https:\/\/archive.sana.sy\/tr\/index.php?rest_route=\/wp\/v2\/users\/1"}],"replies":[{"embeddable":true,"href":"https:\/\/archive.sana.sy\/tr\/index.php?rest_route=%2Fwp%2Fv2%2Fcomments&post=110812"}],"version-history":[{"count":0,"href":"https:\/\/archive.sana.sy\/tr\/index.php?rest_route=\/wp\/v2\/posts\/110812\/revisions"}],"wp:featuredmedia":[{"embeddable":true,"href":"https:\/\/archive.sana.sy\/tr\/index.php?rest_route=\/wp\/v2\/media\/110826"}],"wp:attachment":[{"href":"https:\/\/archive.sana.sy\/tr\/index.php?rest_route=%2Fwp%2Fv2%2Fmedia&parent=110812"}],"wp:term":[{"taxonomy":"category","embeddable":true,"href":"https:\/\/archive.sana.sy\/tr\/index.php?rest_route=%2Fwp%2Fv2%2Fcategories&post=110812"},{"taxonomy":"post_tag","embeddable":true,"href":"https:\/\/archive.sana.sy\/tr\/index.php?rest_route=%2Fwp%2Fv2%2Ftags&post=110812"}],"curies":[{"name":"wp","href":"https:\/\/api.w.org\/{rel}","templated":true}]}}