{"id":110820,"date":"2017-04-09T09:30:33","date_gmt":"2017-04-09T06:30:33","guid":{"rendered":"http:\/\/www.sana.sy\/tr\/?p=110820"},"modified":"2017-04-10T15:25:52","modified_gmt":"2017-04-10T12:25:52","slug":"abd-ve-batililarin-iddialari-kuskulu","status":"publish","type":"post","link":"https:\/\/archive.sana.sy\/tr\/?p=110820","title":{"rendered":"ABD ve Bat\u0131l\u0131lar\u0131n \u0130ddialar\u0131 Ku\u015fkulu"},"content":{"rendered":"<p>PRAG \u2013 \u00c7ek Cumhuriyeti Cumhurba\u015fkan\u0131 Milos Zeman; ABD ve Bat\u0131l\u0131 devletlerin, Suriye ordusunun \u0130dlib k\u0131rsal\u0131 Han \u015eeyhun Beldesinde kimyasal silah kulland\u0131\u011f\u0131 y\u00f6n\u00fcnde bulunduklar\u0131 iddialar\u0131n ku\u015fkulu oldu\u011funu belirtti.<\/p>\n<p>\u00c7ekli web haber sitelerini aktard\u0131\u011f\u0131 a\u00e7\u0131klamalar\u0131nda Zeman; Suriye&#8217;de d\u0131\u015f g\u00fc\u00e7lerin destekledikleri ter\u00f6re kar\u015f\u0131 \u00fcst\u00fcn ba\u015far\u0131lar sa\u011flad\u0131\u011f\u0131 bir zamanda Suriye ordusunun kimyasal silah kullanmas\u0131n\u0131n kesinlikle mant\u0131kl\u0131 olmad\u0131\u011f\u0131n\u0131 vurgulad\u0131. Zeman Han \u015eeyhun olay\u0131nda d\u00fcr\u00fcst ve, ciddi ve tarafs\u0131z bir soru\u015fturman\u0131n mutlaka yap\u0131lmas\u0131 gerekti\u011fini ifade etti.<\/p>\n<p>\u00c7ek Cumhurba\u015fkan\u0131 Zeman; Suriye&#8217;deki krize yegane \u00e7\u00f6z\u00fcm\u00fcn; Astana ve Cenevre\u2019de yap\u0131lan siyasi g\u00f6r\u00fc\u015fmelere devam etmekten ge\u00e7ti\u011finin alt\u0131n\u0131 \u00e7izdi.<\/p>\n","protected":false},"excerpt":{"rendered":"<p>PRAG \u2013 \u00c7ek Cumhuriyeti Cumhurba\u015fkan\u0131 Milos Zeman; ABD ve Bat\u0131l\u0131 devletlerin, Suriye ordusunun \u0130dlib k\u0131rsal\u0131 Han \u015eeyhun Beldesinde kimyasal silah kulland\u0131\u011f\u0131 y\u00f6n\u00fcnde bulunduklar\u0131 iddialar\u0131n ku\u015fkulu oldu\u011funu belirtti. \u00c7ekli web haber sitelerini aktard\u0131\u011f\u0131 a\u00e7\u0131klamalar\u0131nda Zeman; Suriye&#8217;de d\u0131\u015f g\u00fc\u00e7lerin destekledikleri ter\u00f6re kar\u015f\u0131 \u00fcst\u00fcn ba\u015far\u0131lar sa\u011flad\u0131\u011f\u0131 bir zamanda Suriye ordusunun kimyasal silah kullanmas\u0131n\u0131n kesinlikle mant\u0131kl\u0131 olmad\u0131\u011f\u0131n\u0131 vurgulad\u0131. Zeman &hellip;<\/p>\n","protected":false},"author":1,"featured_media":110821,"comment_status":"closed","ping_status":"closed","sticky":false,"template":"","format":"standard","meta":{"footnotes":""},"categories":[458,459,17988],"tags":[28917,28918],"class_list":["post-110820","post","type-post","status-publish","format-standard","has-post-thumbnail","","category-dunya1","category-haberler-arap-uluslararasi-politika","category-son-haberler","tag-prag-cek-cumhuriyeti-cumhurbaskani-milos-zeman-abd-ve-batili-devletlerin","tag-suriye-ordusunun-idlib-kirsali-han-seyhun-beldesinde-kimyasal-silah-kullandigi-yonunde-bulunduklari-iddialarin-kuskulu-oldugunu-belirtti"],"_links":{"self":[{"href":"https:\/\/archive.sana.sy\/tr\/index.php?rest_route=\/wp\/v2\/posts\/110820","targetHints":{"allow":["GET"]}}],"collection":[{"href":"https:\/\/archive.sana.sy\/tr\/index.php?rest_route=\/wp\/v2\/posts"}],"about":[{"href":"https:\/\/archive.sana.sy\/tr\/index.php?rest_route=\/wp\/v2\/types\/post"}],"author":[{"embeddable":true,"href":"https:\/\/archive.sana.sy\/tr\/index.php?rest_route=\/wp\/v2\/users\/1"}],"replies":[{"embeddable":true,"href":"https:\/\/archive.sana.sy\/tr\/index.php?rest_route=%2Fwp%2Fv2%2Fcomments&post=110820"}],"version-history":[{"count":0,"href":"https:\/\/archive.sana.sy\/tr\/index.php?rest_route=\/wp\/v2\/posts\/110820\/revisions"}],"wp:featuredmedia":[{"embeddable":true,"href":"https:\/\/archive.sana.sy\/tr\/index.php?rest_route=\/wp\/v2\/media\/110821"}],"wp:attachment":[{"href":"https:\/\/archive.sana.sy\/tr\/index.php?rest_route=%2Fwp%2Fv2%2Fmedia&parent=110820"}],"wp:term":[{"taxonomy":"category","embeddable":true,"href":"https:\/\/archive.sana.sy\/tr\/index.php?rest_route=%2Fwp%2Fv2%2Fcategories&post=110820"},{"taxonomy":"post_tag","embeddable":true,"href":"https:\/\/archive.sana.sy\/tr\/index.php?rest_route=%2Fwp%2Fv2%2Ftags&post=110820"}],"curies":[{"name":"wp","href":"https:\/\/api.w.org\/{rel}","templated":true}]}}