{"id":110843,"date":"2017-04-09T15:49:09","date_gmt":"2017-04-09T12:49:09","guid":{"rendered":"http:\/\/www.sana.sy\/tr\/?p=110843"},"modified":"2017-04-10T15:23:07","modified_gmt":"2017-04-10T12:23:07","slug":"birinci-hedefimiz-suriyeyi-korumak-ikincisi-guclendirmek-ucuncu-de-kalkindirma","status":"publish","type":"post","link":"https:\/\/archive.sana.sy\/tr\/?p=110843","title":{"rendered":"Birinci Hedefimiz Suriye&#8217;yi Korumak, \u0130kincisi G\u00fc\u00e7lendirmek, \u00dc\u00e7\u00fcnc\u00fc de Kalk\u0131nd\u0131rma"},"content":{"rendered":"<p>HALEP \u2013 Tabipler Sendikas\u0131 bug\u00fcn Halep\u2019in \u015eehba Otelinde \u201cBirinci Hedefimiz Suriye&#8217;yi Korumak, \u0130kincisi Suriye&#8217;yi G\u00fc\u00e7lendirmek, \u00dc\u00e7\u00fcnc\u00fc de Suriye&#8217;yi Kalk\u0131nd\u0131rma\u201d slogan\u0131 alt\u0131nda 34. Genel konferans\u0131n\u0131n a\u00e7\u0131l\u0131\u015f\u0131n\u0131 yapt\u0131.<\/p>\n<p><a href=\"http:\/\/www.sana.sy\/tr\/wp-content\/uploads\/2017\/04\/Yaz\u0131c\u0131.jpg\"><img loading=\"lazy\" decoding=\"async\" class=\"alignright wp-image-110847 size-medium\" src=\"http:\/\/www.sana.sy\/tr\/wp-content\/uploads\/2017\/04\/Yaz\u0131c\u0131-300x190.jpg\" alt=\"\" width=\"300\" height=\"190\" srcset=\"https:\/\/archive.sana.sy\/tr\/wp-content\/uploads\/2017\/04\/Yaz\u0131c\u0131-300x190.jpg 300w, https:\/\/archive.sana.sy\/tr\/wp-content\/uploads\/2017\/04\/Yaz\u0131c\u0131-150x95.jpg 150w, https:\/\/archive.sana.sy\/tr\/wp-content\/uploads\/2017\/04\/Yaz\u0131c\u0131-768x486.jpg 768w, https:\/\/archive.sana.sy\/tr\/wp-content\/uploads\/2017\/04\/Yaz\u0131c\u0131-1024x648.jpg 1024w\" sizes=\"auto, (max-width: 300px) 100vw, 300px\" \/><\/a>Baas Partisi Genel Sekreter Yard\u0131mc\u0131s\u0131 Hilal Hilal\u2019in g\u00f6zetimi alt\u0131nda d\u00fczenlenen genel konferansta konu\u015fmac\u0131lar; d\u0131\u015f g\u00fc\u00e7lere tabi ter\u00f6re kar\u015f\u0131 \u015fanl\u0131 bir m\u00fccadele veren Halep ve ahalisinin, yeniden yap\u0131lanma s\u00fcrecini de omuz omuza el ele s\u00fcrd\u00fcrme kararl\u0131l\u0131\u011f\u0131nda olduklar\u0131 y\u00f6n\u00fcnde bir mesaj verdi.<\/p>\n<p>Suriye ve halk\u0131n\u0131n savunulmas\u0131nda doktorlar\u0131n kahraman ordu birliklerimizden sonra ikinci hatta yer ald\u0131klar\u0131na dikkat \u00e7ekilen konferansta; doktorlar\u0131n yaral\u0131 askerlere ve gaddar ter\u00f6r sald\u0131r\u0131lar\u0131 nedeniyle isabet alan masum vatanda\u015flara bulunduklar\u0131 t\u0131bbi hizmetlerin \u00f6nemine dikkat \u00e7ekildi.<\/p>\n<p><a href=\"http:\/\/www.sana.sy\/tr\/wp-content\/uploads\/2017\/04\/Yaz\u0131c\u0131-1.jpg\"><img loading=\"lazy\" decoding=\"async\" class=\"alignright wp-image-110849 size-medium\" src=\"http:\/\/www.sana.sy\/tr\/wp-content\/uploads\/2017\/04\/Yaz\u0131c\u0131-1-300x197.jpg\" alt=\"\" width=\"300\" height=\"197\" srcset=\"https:\/\/archive.sana.sy\/tr\/wp-content\/uploads\/2017\/04\/Yaz\u0131c\u0131-1-300x197.jpg 300w, https:\/\/archive.sana.sy\/tr\/wp-content\/uploads\/2017\/04\/Yaz\u0131c\u0131-1-150x98.jpg 150w, https:\/\/archive.sana.sy\/tr\/wp-content\/uploads\/2017\/04\/Yaz\u0131c\u0131-1-768x503.jpg 768w, https:\/\/archive.sana.sy\/tr\/wp-content\/uploads\/2017\/04\/Yaz\u0131c\u0131-1-1024x671.jpg 1024w, https:\/\/archive.sana.sy\/tr\/wp-content\/uploads\/2017\/04\/Yaz\u0131c\u0131-1-310x205.jpg 310w\" sizes=\"auto, (max-width: 300px) 100vw, 300px\" \/><\/a>Suriye&#8217;nin ter\u00f6r ve destek\u00e7ilerine kar\u015f\u0131 m\u00fccadelesini azim ve kararl\u0131l\u0131kla s\u00fcrd\u00fcrme azminde oldu\u011funa vurgu yap\u0131lan konferansta; ABD\u2019nin Suriye&#8217;ye sald\u0131r\u0131s\u0131n\u0131n uydurma iddialarla ter\u00f6re destek niteli\u011fi ta\u015f\u0131d\u0131\u011f\u0131n\u0131n alt\u0131 \u00e7izildi.<\/p>\n<p>Sa\u011fl\u0131k Bakan\u0131 Nizar Yaz\u0131c\u0131 konu\u015fmas\u0131nda; konferans\u0131n Suriye ordusunun muhtelif b\u00f6lgelerde d\u0131\u015f g\u00fc\u00e7lere tabi ter\u00f6r\u00fc a\u011f\u0131r hezimetlere u\u011fratmaya devam etti\u011fi bir zamana denk geldi\u011fine dikkat \u00e7ekti.<\/p>\n<p>Bakan Yaz\u0131c\u0131 Suriye doktorlar\u0131n\u0131n, kriz s\u00fcresince oynad\u0131klar\u0131 yurtsever rol\u00fcn takdire \u015fayan oldu\u011funu ifade ederken, ter\u00f6ristlerin sa\u011fl\u0131k sekt\u00f6r\u00fc ve personellerine bulunduklar\u0131 sald\u0131r\u0131lar sonucunda insani ama\u00e7 ta\u015f\u0131yan bu sekt\u00f6rde meydana gelen hasara \u0131\u015f\u0131k tuttu.<\/p>\n<p><a href=\"http:\/\/www.sana.sy\/tr\/wp-content\/uploads\/2017\/04\/Yaz\u0131c\u0131-3.jpg\"><img loading=\"lazy\" decoding=\"async\" class=\"alignright wp-image-110850 size-medium\" src=\"http:\/\/www.sana.sy\/tr\/wp-content\/uploads\/2017\/04\/Yaz\u0131c\u0131-3-300x177.jpg\" alt=\"\" width=\"300\" height=\"177\" srcset=\"https:\/\/archive.sana.sy\/tr\/wp-content\/uploads\/2017\/04\/Yaz\u0131c\u0131-3-300x177.jpg 300w, https:\/\/archive.sana.sy\/tr\/wp-content\/uploads\/2017\/04\/Yaz\u0131c\u0131-3-150x89.jpg 150w, https:\/\/archive.sana.sy\/tr\/wp-content\/uploads\/2017\/04\/Yaz\u0131c\u0131-3-768x454.jpg 768w, https:\/\/archive.sana.sy\/tr\/wp-content\/uploads\/2017\/04\/Yaz\u0131c\u0131-3-1024x605.jpg 1024w, https:\/\/archive.sana.sy\/tr\/wp-content\/uploads\/2017\/04\/Yaz\u0131c\u0131-3.jpg 1678w\" sizes=\"auto, (max-width: 300px) 100vw, 300px\" \/><\/a>Konferans \u00e7al\u0131\u015fmalar\u0131 kapsam\u0131nda ter\u00f6r sald\u0131r\u0131lar\u0131 sonucunda sa\u011fl\u0131k sekt\u00f6r\u00fcn\u00fcn kurumlar\u0131, ara\u00e7lar\u0131 ve personelleriyle verdi\u011fi hasara \u0131\u015f\u0131k tutan belgesel bir film g\u00f6sterisi yer ald\u0131. Ayn\u0131 zamanda ila\u00e7 firmalar\u0131n\u0131n bir fuar\u0131 a\u00e7\u0131l\u0131rken, bir k\u0131s\u0131m doktorlar \u00f6d\u00fcllendirildi.<\/p>\n","protected":false},"excerpt":{"rendered":"<p>HALEP \u2013 Tabipler Sendikas\u0131 bug\u00fcn Halep\u2019in \u015eehba Otelinde \u201cBirinci Hedefimiz Suriye&#8217;yi Korumak, \u0130kincisi Suriye&#8217;yi G\u00fc\u00e7lendirmek, \u00dc\u00e7\u00fcnc\u00fc de Suriye&#8217;yi Kalk\u0131nd\u0131rma\u201d slogan\u0131 alt\u0131nda 34. Genel konferans\u0131n\u0131n a\u00e7\u0131l\u0131\u015f\u0131n\u0131 yapt\u0131. Baas Partisi Genel Sekreter Yard\u0131mc\u0131s\u0131 Hilal Hilal\u2019in g\u00f6zetimi alt\u0131nda d\u00fczenlenen genel konferansta konu\u015fmac\u0131lar; d\u0131\u015f g\u00fc\u00e7lere tabi ter\u00f6re kar\u015f\u0131 \u015fanl\u0131 bir m\u00fccadele veren Halep ve ahalisinin, yeniden yap\u0131lanma s\u00fcrecini de &hellip;<\/p>\n","protected":false},"author":1,"featured_media":110845,"comment_status":"closed","ping_status":"closed","sticky":false,"template":"","format":"standard","meta":{"footnotes":""},"categories":[479,17988,478],"tags":[28920,28923,28921,28924,28922,28925],"class_list":["post-110843","post","type-post","status-publish","format-standard","has-post-thumbnail","","category-haberler-yerel","category-son-haberler","category-yerel","tag-birinci-hedefimiz-suriyeyi-korumak","tag-halep-tabipler-sendikasi-bugun-halepin-sehba-otelinde-birinci-hedefimiz-suriyeyi-korumak","tag-ikincisi-guclendirmek","tag-ikincisi-suriyeyi-guclendirmek","tag-ucuncu-de-kalkindirma","tag-ucuncu-de-suriyeyi-kalkindirma-slogani-altinda-34-genel-konferansinin-acilisini-yapti"],"_links":{"self":[{"href":"https:\/\/archive.sana.sy\/tr\/index.php?rest_route=\/wp\/v2\/posts\/110843","targetHints":{"allow":["GET"]}}],"collection":[{"href":"https:\/\/archive.sana.sy\/tr\/index.php?rest_route=\/wp\/v2\/posts"}],"about":[{"href":"https:\/\/archive.sana.sy\/tr\/index.php?rest_route=\/wp\/v2\/types\/post"}],"author":[{"embeddable":true,"href":"https:\/\/archive.sana.sy\/tr\/index.php?rest_route=\/wp\/v2\/users\/1"}],"replies":[{"embeddable":true,"href":"https:\/\/archive.sana.sy\/tr\/index.php?rest_route=%2Fwp%2Fv2%2Fcomments&post=110843"}],"version-history":[{"count":0,"href":"https:\/\/archive.sana.sy\/tr\/index.php?rest_route=\/wp\/v2\/posts\/110843\/revisions"}],"wp:featuredmedia":[{"embeddable":true,"href":"https:\/\/archive.sana.sy\/tr\/index.php?rest_route=\/wp\/v2\/media\/110845"}],"wp:attachment":[{"href":"https:\/\/archive.sana.sy\/tr\/index.php?rest_route=%2Fwp%2Fv2%2Fmedia&parent=110843"}],"wp:term":[{"taxonomy":"category","embeddable":true,"href":"https:\/\/archive.sana.sy\/tr\/index.php?rest_route=%2Fwp%2Fv2%2Fcategories&post=110843"},{"taxonomy":"post_tag","embeddable":true,"href":"https:\/\/archive.sana.sy\/tr\/index.php?rest_route=%2Fwp%2Fv2%2Ftags&post=110843"}],"curies":[{"name":"wp","href":"https:\/\/api.w.org\/{rel}","templated":true}]}}