{"id":110864,"date":"2017-04-09T16:16:17","date_gmt":"2017-04-09T13:16:17","guid":{"rendered":"http:\/\/www.sana.sy\/tr\/?p=110864"},"modified":"2017-04-10T15:22:58","modified_gmt":"2017-04-10T12:22:58","slug":"abdnin-suriyeye-yonelik-dusmanci-tutumlari-kabul-edilemez","status":"publish","type":"post","link":"https:\/\/archive.sana.sy\/tr\/?p=110864","title":{"rendered":"ABD\u2019nin Suriye&#8217;ye Y\u00f6nelik D\u00fc\u015fmanc\u0131 Tutumlar\u0131 Kabul Edilemez"},"content":{"rendered":"<p>MOSKOVA \u2013 Rusya Ba\u015fkan\u0131 Vladimir Putin ve \u0130ran Cumhurba\u015fkan\u0131 Hasan Ruhani; ABD\u2019nin Suriye&#8217;ye y\u00f6nelik d\u00fc\u015fmanc\u0131 tutumlar\u0131n\u0131n kabul edilemez oldu\u011funu ve BM misak\u0131n\u0131n yan\u0131 s\u0131ra uluslar aras\u0131 kanunlara tamamen ayk\u0131r\u0131 oldu\u011funu vurgulad\u0131.<\/p>\n<p>Kremlin\u2019in yay\u0131nlad\u0131\u011f\u0131 b\u00fcltende; Putin ve Ruhani\u2019nin bug\u00fcn aralar\u0131nda ger\u00e7ekle\u015fen telefon g\u00f6r\u00fc\u015fmelerinde ayr\u0131ca; b\u00f6lgede g\u00fcvenlik ve istikrar\u0131n sa\u011flanmas\u0131 amac\u0131yla ter\u00f6re kar\u015f\u0131 m\u00fccadelede i\u015fbirli\u011fini daha da peki\u015ftirmeye haz\u0131r olduklar\u0131n\u0131 kaydettiklerine dikkat \u00e7ekildi.<\/p>\n<p><span style=\"color: #0000ff\">ABD Suriye\u2019ye Sald\u0131r\u0131s\u0131yla K\u0131rm\u0131z\u0131 \u00c7izgiyi A\u015ft\u0131<\/span><\/p>\n<p>Bu arada Rusya ve \u0130ran; ABD\u2019nin as\u0131ls\u0131z iddialarla Suriye\u2019ye bulundu\u011fu sald\u0131r\u0131ya ili\u015fkin ortak bir beyan yay\u0131nlad\u0131.<\/p>\n<p>Rusya ve \u0130ran ortak beyanlar\u0131nda; ABD\u2019nin Suriye\u2019ye bulunduklar\u0131 sald\u0131r\u0131n\u0131n k\u0131rm\u0131z\u0131\u00e7izgiyi a\u015ft\u0131\u011f\u0131na vurgu yapt\u0131.<\/p>\n<p>Suriye\u2019ye y\u00f6nelik herhangi bir sald\u0131r\u0131ya kar\u015f\u0131 iki devletin g\u00fc\u00e7l\u00fc bir cevap verece\u011finin alt\u0131 \u00e7izildi\u011fi beyanda; Rusya ve \u0130ran\u2019\u0131n, ABD\u2019nin d\u00fcnyay\u0131 hegemonyas\u0131 alt\u0131na almas\u0131na izin vermeyeceklerine vurgu yap\u0131ld\u0131.<\/p>\n","protected":false},"excerpt":{"rendered":"<p>MOSKOVA \u2013 Rusya Ba\u015fkan\u0131 Vladimir Putin ve \u0130ran Cumhurba\u015fkan\u0131 Hasan Ruhani; ABD\u2019nin Suriye&#8217;ye y\u00f6nelik d\u00fc\u015fmanc\u0131 tutumlar\u0131n\u0131n kabul edilemez oldu\u011funu ve BM misak\u0131n\u0131n yan\u0131 s\u0131ra uluslar aras\u0131 kanunlara tamamen ayk\u0131r\u0131 oldu\u011funu vurgulad\u0131. Kremlin\u2019in yay\u0131nlad\u0131\u011f\u0131 b\u00fcltende; Putin ve Ruhani\u2019nin bug\u00fcn aralar\u0131nda ger\u00e7ekle\u015fen telefon g\u00f6r\u00fc\u015fmelerinde ayr\u0131ca; b\u00f6lgede g\u00fcvenlik ve istikrar\u0131n sa\u011flanmas\u0131 amac\u0131yla ter\u00f6re kar\u015f\u0131 m\u00fccadelede i\u015fbirli\u011fini daha da &hellip;<\/p>\n","protected":false},"author":1,"featured_media":110877,"comment_status":"closed","ping_status":"closed","sticky":false,"template":"","format":"standard","meta":{"footnotes":""},"categories":[458,459,17988],"tags":[28928],"class_list":["post-110864","post","type-post","status-publish","format-standard","has-post-thumbnail","","category-dunya1","category-haberler-arap-uluslararasi-politika","category-son-haberler","tag-abdnin-suriyeye-yonelik-dusmanci-tutumlari-kabul-edilemez"],"_links":{"self":[{"href":"https:\/\/archive.sana.sy\/tr\/index.php?rest_route=\/wp\/v2\/posts\/110864","targetHints":{"allow":["GET"]}}],"collection":[{"href":"https:\/\/archive.sana.sy\/tr\/index.php?rest_route=\/wp\/v2\/posts"}],"about":[{"href":"https:\/\/archive.sana.sy\/tr\/index.php?rest_route=\/wp\/v2\/types\/post"}],"author":[{"embeddable":true,"href":"https:\/\/archive.sana.sy\/tr\/index.php?rest_route=\/wp\/v2\/users\/1"}],"replies":[{"embeddable":true,"href":"https:\/\/archive.sana.sy\/tr\/index.php?rest_route=%2Fwp%2Fv2%2Fcomments&post=110864"}],"version-history":[{"count":0,"href":"https:\/\/archive.sana.sy\/tr\/index.php?rest_route=\/wp\/v2\/posts\/110864\/revisions"}],"wp:featuredmedia":[{"embeddable":true,"href":"https:\/\/archive.sana.sy\/tr\/index.php?rest_route=\/wp\/v2\/media\/110877"}],"wp:attachment":[{"href":"https:\/\/archive.sana.sy\/tr\/index.php?rest_route=%2Fwp%2Fv2%2Fmedia&parent=110864"}],"wp:term":[{"taxonomy":"category","embeddable":true,"href":"https:\/\/archive.sana.sy\/tr\/index.php?rest_route=%2Fwp%2Fv2%2Fcategories&post=110864"},{"taxonomy":"post_tag","embeddable":true,"href":"https:\/\/archive.sana.sy\/tr\/index.php?rest_route=%2Fwp%2Fv2%2Ftags&post=110864"}],"curies":[{"name":"wp","href":"https:\/\/api.w.org\/{rel}","templated":true}]}}