{"id":110865,"date":"2017-04-09T11:06:40","date_gmt":"2017-04-09T08:06:40","guid":{"rendered":"http:\/\/www.sana.sy\/tr\/?p=110865"},"modified":"2017-04-10T14:05:49","modified_gmt":"2017-04-10T11:05:49","slug":"el-esad-2-kanunnameyi-onayladi-3","status":"publish","type":"post","link":"https:\/\/archive.sana.sy\/tr\/?p=110865","title":{"rendered":"El Esad 2 Kanunnameyi Onaylad\u0131"},"content":{"rendered":"<p>\u015eAM \u2013 Cumhurba\u015fkan\u0131 Be\u015f\u015far el Esad; sanayi kurumlar\u0131 ve fabrikalar\u0131n yurtd\u0131\u015f\u0131ndan ithal edecekleri i\u015f makineleri ve \u00fcretim hatlar\u0131n\u0131n g\u00fcmr\u00fck vergisi ve harc\u0131ndan muaf tutulmalar\u0131n\u0131 \u00f6ng\u00f6ren 2107\/19 say\u0131l\u0131 kanunnameyi onaylad\u0131.<\/p>\n<p>Kanunname gere\u011fince Ekonomi ve D\u0131\u015f Ticaret Bakanl\u0131\u011f\u0131 s\u00f6z konusu i\u015f makineleri ve \u00fcretim hatlar\u0131n\u0131n ithalat\u0131 i\u00e7in gerekli ruhsatlar\u0131 verecek.<\/p>\n<p>Kanunname daha \u00f6nce Halk Meclisi ve h\u00fck\u00fcmet taraf\u0131ndan tart\u0131\u015f\u0131l\u0131p karara ba\u011flanmas\u0131 ard\u0131ndan anayasa gere\u011fince cumhurba\u015fkan\u0131 onay\u0131 i\u00e7in Cumhurba\u015fkanl\u0131\u011f\u0131na sevk etmi\u015fti.<\/p>\n<p>Di\u011fer yandan el Esad; Halk Meclisinin tart\u0131\u015f\u0131p onaylamas\u0131 ard\u0131ndan yine cumhurba\u015fkanl\u0131\u011f\u0131na sevk etti\u011fi 2017\/20 say\u0131l\u0131 kanunnameyi onaylad\u0131.<\/p>\n<p>Kanunname Tartus ve Lazkiye illerinde deniz ta\u015f\u0131mac\u0131l\u0131\u011f\u0131 ve nakliye alanlar\u0131ndaki davalara bakacak asliye ve temyiz mahkemelerinin kurulmas\u0131n\u0131 \u00f6ng\u00f6r\u00fcyor.<\/p>\n","protected":false},"excerpt":{"rendered":"<p>\u015eAM \u2013 Cumhurba\u015fkan\u0131 Be\u015f\u015far el Esad; sanayi kurumlar\u0131 ve fabrikalar\u0131n yurtd\u0131\u015f\u0131ndan ithal edecekleri i\u015f makineleri ve \u00fcretim hatlar\u0131n\u0131n g\u00fcmr\u00fck vergisi ve harc\u0131ndan muaf tutulmalar\u0131n\u0131 \u00f6ng\u00f6ren 2107\/19 say\u0131l\u0131 kanunnameyi onaylad\u0131. Kanunname gere\u011fince Ekonomi ve D\u0131\u015f Ticaret Bakanl\u0131\u011f\u0131 s\u00f6z konusu i\u015f makineleri ve \u00fcretim hatlar\u0131n\u0131n ithalat\u0131 i\u00e7in gerekli ruhsatlar\u0131 verecek. Kanunname daha \u00f6nce Halk Meclisi ve h\u00fck\u00fcmet &hellip;<\/p>\n","protected":false},"author":1,"featured_media":56583,"comment_status":"closed","ping_status":"closed","sticky":false,"template":"","format":"standard","meta":{"footnotes":""},"categories":[479,605,17988,612,599,478],"tags":[28827],"class_list":["post-110865","post","type-post","status-publish","format-standard","has-post-thumbnail","","category-haberler-yerel","category-sayin-cumhurbaskani","category-son-haberler","category-yasama-kararnameler","category-yasama-ve-kanunlar","category-yerel","tag-el-esad-2-kanunnameyi-onayladi"],"_links":{"self":[{"href":"https:\/\/archive.sana.sy\/tr\/index.php?rest_route=\/wp\/v2\/posts\/110865","targetHints":{"allow":["GET"]}}],"collection":[{"href":"https:\/\/archive.sana.sy\/tr\/index.php?rest_route=\/wp\/v2\/posts"}],"about":[{"href":"https:\/\/archive.sana.sy\/tr\/index.php?rest_route=\/wp\/v2\/types\/post"}],"author":[{"embeddable":true,"href":"https:\/\/archive.sana.sy\/tr\/index.php?rest_route=\/wp\/v2\/users\/1"}],"replies":[{"embeddable":true,"href":"https:\/\/archive.sana.sy\/tr\/index.php?rest_route=%2Fwp%2Fv2%2Fcomments&post=110865"}],"version-history":[{"count":0,"href":"https:\/\/archive.sana.sy\/tr\/index.php?rest_route=\/wp\/v2\/posts\/110865\/revisions"}],"wp:featuredmedia":[{"embeddable":true,"href":"https:\/\/archive.sana.sy\/tr\/index.php?rest_route=\/wp\/v2\/media\/56583"}],"wp:attachment":[{"href":"https:\/\/archive.sana.sy\/tr\/index.php?rest_route=%2Fwp%2Fv2%2Fmedia&parent=110865"}],"wp:term":[{"taxonomy":"category","embeddable":true,"href":"https:\/\/archive.sana.sy\/tr\/index.php?rest_route=%2Fwp%2Fv2%2Fcategories&post=110865"},{"taxonomy":"post_tag","embeddable":true,"href":"https:\/\/archive.sana.sy\/tr\/index.php?rest_route=%2Fwp%2Fv2%2Ftags&post=110865"}],"curies":[{"name":"wp","href":"https:\/\/api.w.org\/{rel}","templated":true}]}}