{"id":110872,"date":"2017-04-09T16:47:13","date_gmt":"2017-04-09T13:47:13","guid":{"rendered":"http:\/\/www.sana.sy\/tr\/?p=110872"},"modified":"2017-04-10T15:22:55","modified_gmt":"2017-04-10T12:22:55","slug":"genelkurmay-baskanlari-telefonla-gorustu","status":"publish","type":"post","link":"https:\/\/archive.sana.sy\/tr\/?p=110872","title":{"rendered":"Genelkurmay Ba\u015fkanlar\u0131 Telefonla G\u00f6r\u00fc\u015ft\u00fc"},"content":{"rendered":"<p>\u015eAM \u2013 Genelkurmay Ba\u015fkan\u0131 Korgeneral Ali Abdullah Ey\u00fcp bug\u00fcn \u0130ran Genelkurmay Ba\u015fkan\u0131 T\u00fcmgeneral Muhammed Bakiri\u2019den bir telefon g\u00f6r\u00fc\u015fmesi ald\u0131.<\/p>\n<p>T\u00fcmgeneral Bakiri telefon g\u00f6r\u00fc\u015fmesinde; ABD\u2019nin Suriye&#8217;de \u015euayrat Hava \u00dcss\u00fcne bulundu\u011fu sald\u0131r\u0131y\u0131 \u015fiddetle k\u0131nad\u0131\u011f\u0131n\u0131 vurgularken, bu sald\u0131r\u0131n\u0131n BM misak\u0131 ve uluslar aras\u0131 kanunlara a\u00e7\u0131k bir ihlal te\u015fkil etti\u011fini belirtti.<\/p>\n<p>\u0130ran\u2019\u0131n Suriye devletine deste\u011fini bir kez daha vurgulayan \u0130ran Genelkurmay Ba\u015fkan\u0131; \u0130dlib k\u0131rsal\u0131 Han \u015eeyhun Beldesinde iddia edilen kimyasal silah sald\u0131r\u0131s\u0131n\u0131n ku\u015fkulu oldu\u011funu vurgulad\u0131. Bakiri; Bu iddialar\u0131n Suriye halk\u0131 ve y\u00f6netimine y\u00f6nelik bir komplodan ibaret oldu\u011funu, olay\u0131n ger\u00e7e\u011finin netle\u015ftirilmesi i\u00e7in tarafs\u0131z bir soru\u015fturman\u0131n yap\u0131lmas\u0131 gere\u011fini kaydetti.<\/p>\n<p>Telefon g\u00f6r\u00fc\u015fmesinde; maruz kald\u0131klar\u0131 evrensel ter\u00f6r kar\u015f\u0131s\u0131nda Suriye ve halk\u0131na deste\u011finden dolay\u0131 \u0130ran\u2019a \u015f\u00fckranlar\u0131n\u0131 ifade eden Korgeneral Ey\u00fcp; ABD sald\u0131r\u0131s\u0131n\u0131n, Suriye&#8217;nin y\u00f6netimi, halk\u0131 ve ordusuyla ter\u00f6re kar\u015f\u0131 m\u00fccadelede azimlerini daha da peki\u015ftirdi\u011fini ifade etti.<\/p>\n","protected":false},"excerpt":{"rendered":"<p>\u015eAM \u2013 Genelkurmay Ba\u015fkan\u0131 Korgeneral Ali Abdullah Ey\u00fcp bug\u00fcn \u0130ran Genelkurmay Ba\u015fkan\u0131 T\u00fcmgeneral Muhammed Bakiri\u2019den bir telefon g\u00f6r\u00fc\u015fmesi ald\u0131. T\u00fcmgeneral Bakiri telefon g\u00f6r\u00fc\u015fmesinde; ABD\u2019nin Suriye&#8217;de \u015euayrat Hava \u00dcss\u00fcne bulundu\u011fu sald\u0131r\u0131y\u0131 \u015fiddetle k\u0131nad\u0131\u011f\u0131n\u0131 vurgularken, bu sald\u0131r\u0131n\u0131n BM misak\u0131 ve uluslar aras\u0131 kanunlara a\u00e7\u0131k bir ihlal te\u015fkil etti\u011fini belirtti. \u0130ran\u2019\u0131n Suriye devletine deste\u011fini bir kez daha vurgulayan &hellip;<\/p>\n","protected":false},"author":1,"featured_media":110880,"comment_status":"closed","ping_status":"closed","sticky":false,"template":"","format":"standard","meta":{"footnotes":""},"categories":[479,17988,478],"tags":[28930,28929],"class_list":["post-110872","post","type-post","status-publish","format-standard","has-post-thumbnail","","category-haberler-yerel","category-son-haberler","category-yerel","tag-genelkurmay-baskanlari-telefonla-gorustu","tag-sam-genelkurmay-baskani-korgeneral-ali-abdullah-eyup-bugun-iran-genelkurmay-baskani-tumgeneral-muhammed-bakiriden-bir-telefon-gorusmesi-aldi"],"_links":{"self":[{"href":"https:\/\/archive.sana.sy\/tr\/index.php?rest_route=\/wp\/v2\/posts\/110872","targetHints":{"allow":["GET"]}}],"collection":[{"href":"https:\/\/archive.sana.sy\/tr\/index.php?rest_route=\/wp\/v2\/posts"}],"about":[{"href":"https:\/\/archive.sana.sy\/tr\/index.php?rest_route=\/wp\/v2\/types\/post"}],"author":[{"embeddable":true,"href":"https:\/\/archive.sana.sy\/tr\/index.php?rest_route=\/wp\/v2\/users\/1"}],"replies":[{"embeddable":true,"href":"https:\/\/archive.sana.sy\/tr\/index.php?rest_route=%2Fwp%2Fv2%2Fcomments&post=110872"}],"version-history":[{"count":0,"href":"https:\/\/archive.sana.sy\/tr\/index.php?rest_route=\/wp\/v2\/posts\/110872\/revisions"}],"wp:featuredmedia":[{"embeddable":true,"href":"https:\/\/archive.sana.sy\/tr\/index.php?rest_route=\/wp\/v2\/media\/110880"}],"wp:attachment":[{"href":"https:\/\/archive.sana.sy\/tr\/index.php?rest_route=%2Fwp%2Fv2%2Fmedia&parent=110872"}],"wp:term":[{"taxonomy":"category","embeddable":true,"href":"https:\/\/archive.sana.sy\/tr\/index.php?rest_route=%2Fwp%2Fv2%2Fcategories&post=110872"},{"taxonomy":"post_tag","embeddable":true,"href":"https:\/\/archive.sana.sy\/tr\/index.php?rest_route=%2Fwp%2Fv2%2Ftags&post=110872"}],"curies":[{"name":"wp","href":"https:\/\/api.w.org\/{rel}","templated":true}]}}