{"id":110879,"date":"2017-04-09T16:58:55","date_gmt":"2017-04-09T13:58:55","guid":{"rendered":"http:\/\/www.sana.sy\/tr\/?p=110879"},"modified":"2017-04-10T15:22:52","modified_gmt":"2017-04-10T12:22:52","slug":"110879","status":"publish","type":"post","link":"https:\/\/archive.sana.sy\/tr\/?p=110879","title":{"rendered":"\u0130ki \u00dclkeyi Hedef Alan Ayn\u0131 Ter\u00f6r Olup Ayn\u0131 Devletlerden Destekleniyor"},"content":{"rendered":"<p>\u015eAM \u2013 D\u0131\u015fi\u015fleri ve Gurbet\u00e7iler Bakanl\u0131\u011f\u0131nda yetkili bir kaynak Suriye&#8217;nin, bug\u00fcn M\u0131s\u0131r\u2019da Palmiye Pazar\u0131 (palm sunday) kutlamalar\u0131 esnas\u0131nda meydana gelen ve onlarca masum insan\u0131n kurban gitmelerine yol a\u00e7an ter\u00f6r eylemlerini keskin ifadelerle k\u0131nad\u0131\u011f\u0131n\u0131 vurgulad\u0131.<\/p>\n<p>Yetkili kaynak SANA\u2019ya yapt\u0131\u011f\u0131 a\u00e7\u0131klamada; Suriye&#8217;nin, M\u0131s\u0131r\u2019\u0131n Tanta ve \u0130skenderiye kentlerinde iki kilisede meydana gelen ter\u00f6r eylemlerini keskin bir dille k\u0131nad\u0131\u011f\u0131n\u0131 vurgulad\u0131. Kaynak Suriye&#8217;nin kurbanlar\u0131n ailelerine taziyelerini aktar\u0131rken, karde\u015f M\u0131s\u0131r ve halk\u0131n\u0131 hedef alan ter\u00f6r\u00fcn Suriye ve halk\u0131n\u0131 hedef alan ter\u00f6r\u00fcn ayn\u0131s\u0131 oldu\u011funu belirtti. Bu ter\u00f6r\u00fcn ABD ve b\u00f6lgede T\u00fcrkiye, \u0130srail, Suudi Arabistan ve Katar gibi devletlerden destek, \u00f6rt\u00fc ve komuta ald\u0131\u011f\u0131na dikkat \u00e7eken kaynak; Suriye&#8217;nin t\u00fcm b\u00f6lge halklar\u0131n\u0131 tehdit eden bu ter\u00f6re kar\u015f\u0131 uluslar aras\u0131 toplumun \u00e7abalar\u0131n\u0131 birle\u015ftirmesi gere\u011fini bir kez daha vurgulamak istedi\u011fini kaydetti.<\/p>\n<p>M\u0131s\u0131r\u2019da Palmiye Pazar\u0131 kutlamalar\u0131 s\u0131ras\u0131nda \u0130skenderiye ve Tanta kentlerinde iki kilisede meydana gelen bombal\u0131 ter\u00f6r eylemlerinde sivil vatanda\u015flardan 36 ki\u015fi ya\u015fam\u0131n\u0131 yitirirken, 100\u2019den fazla ki\u015fi de yaraland\u0131.<\/p>\n","protected":false},"excerpt":{"rendered":"<p>\u015eAM \u2013 D\u0131\u015fi\u015fleri ve Gurbet\u00e7iler Bakanl\u0131\u011f\u0131nda yetkili bir kaynak Suriye&#8217;nin, bug\u00fcn M\u0131s\u0131r\u2019da Palmiye Pazar\u0131 (palm sunday) kutlamalar\u0131 esnas\u0131nda meydana gelen ve onlarca masum insan\u0131n kurban gitmelerine yol a\u00e7an ter\u00f6r eylemlerini keskin ifadelerle k\u0131nad\u0131\u011f\u0131n\u0131 vurgulad\u0131. Yetkili kaynak SANA\u2019ya yapt\u0131\u011f\u0131 a\u00e7\u0131klamada; Suriye&#8217;nin, M\u0131s\u0131r\u2019\u0131n Tanta ve \u0130skenderiye kentlerinde iki kilisede meydana gelen ter\u00f6r eylemlerini keskin bir dille k\u0131nad\u0131\u011f\u0131n\u0131 &hellip;<\/p>\n","protected":false},"author":1,"featured_media":110883,"comment_status":"closed","ping_status":"closed","sticky":false,"template":"","format":"standard","meta":{"footnotes":""},"categories":[479,575,17988,478],"tags":[28933,28931,28932],"class_list":["post-110879","post","type-post","status-publish","format-standard","has-post-thumbnail","","category-haberler-yerel","category-olaylar-ve-gercekler","category-son-haberler","category-yerel","tag-bugun-misirda-palmiye-pazari-palm-sunday-kutlamalari-esnasinda-meydana-gelen-ve-onlarca-masum-insanin-kurban-gitmelerine-yol-acan-teror-eylemlerini-keskin-ifadelerle-kinadigini-vurguladi","tag-iki-ulkeyi-hedef-alan-ayni-teror-olup-ayni-devletlerden-destekleniyor","tag-sam-disisleri-ve-gurbetciler-bakanliginda-yetkili-bir-kaynak-suriyenin"],"_links":{"self":[{"href":"https:\/\/archive.sana.sy\/tr\/index.php?rest_route=\/wp\/v2\/posts\/110879","targetHints":{"allow":["GET"]}}],"collection":[{"href":"https:\/\/archive.sana.sy\/tr\/index.php?rest_route=\/wp\/v2\/posts"}],"about":[{"href":"https:\/\/archive.sana.sy\/tr\/index.php?rest_route=\/wp\/v2\/types\/post"}],"author":[{"embeddable":true,"href":"https:\/\/archive.sana.sy\/tr\/index.php?rest_route=\/wp\/v2\/users\/1"}],"replies":[{"embeddable":true,"href":"https:\/\/archive.sana.sy\/tr\/index.php?rest_route=%2Fwp%2Fv2%2Fcomments&post=110879"}],"version-history":[{"count":0,"href":"https:\/\/archive.sana.sy\/tr\/index.php?rest_route=\/wp\/v2\/posts\/110879\/revisions"}],"wp:featuredmedia":[{"embeddable":true,"href":"https:\/\/archive.sana.sy\/tr\/index.php?rest_route=\/wp\/v2\/media\/110883"}],"wp:attachment":[{"href":"https:\/\/archive.sana.sy\/tr\/index.php?rest_route=%2Fwp%2Fv2%2Fmedia&parent=110879"}],"wp:term":[{"taxonomy":"category","embeddable":true,"href":"https:\/\/archive.sana.sy\/tr\/index.php?rest_route=%2Fwp%2Fv2%2Fcategories&post=110879"},{"taxonomy":"post_tag","embeddable":true,"href":"https:\/\/archive.sana.sy\/tr\/index.php?rest_route=%2Fwp%2Fv2%2Ftags&post=110879"}],"curies":[{"name":"wp","href":"https:\/\/api.w.org\/{rel}","templated":true}]}}