{"id":11088,"date":"2014-09-24T20:57:59","date_gmt":"2014-09-24T17:57:59","guid":{"rendered":"http:\/\/www.sana.sy\/tr\/?p=11088"},"modified":"2014-09-25T20:01:58","modified_gmt":"2014-09-25T17:01:58","slug":"ordu-operasyonlarinda-teroristlerin-agir-kayiplari-suruyor","status":"publish","type":"post","link":"https:\/\/archive.sana.sy\/tr\/?p=11088","title":{"rendered":"Ordu Operasyonlar\u0131nda Ter\u00f6ristlerin A\u011f\u0131r Kay\u0131plar\u0131 S\u00fcr\u00fcyor"},"content":{"rendered":"<p>\u0130LLER \u2013 Kahraman ordu birliklerimizin ter\u00f6rle m\u00fccadele kapsam\u0131nda \u00fclkenin muhtelif b\u00f6lgelerinde d\u00fczenledi\u011fi ba\u015far\u0131l\u0131 operasyonlar sonucunda \u00e7ok say\u0131da ter\u00f6rist su\u00e7 edatlar\u0131yla birlikte etkisiz hale getirildi.<\/p>\n<p><span style=\"color: #0000ff\">\u015eam K\u0131rsal\u0131nda Ter\u00f6r H\u00fccreleri \u00c7\u00f6kertildi<\/span><\/p>\n<p>Askeri kaynak, ordu birliklerimizin \u015eam K\u0131rsal\u0131 Akraba K\u00f6y\u00fc\u2019n\u00fcn g\u00fcneyinde ter\u00f6ristlerin k\u00fcmleneme yerlerini i\u00e7indeki ter\u00f6ristlerle birlikte hedef almalar\u0131 sonucunda \u00e7ok say\u0131da ter\u00f6risti \u00f6ld\u00fcrd\u00fcklerini ara\u00e7lar\u0131n\u0131 da imha ettiklerini ifade etti.<\/p>\n<p>\u0130\u015fte Cobar operasyonlar\u0131 g\u00f6r\u00fcnt\u00fcleri<\/p>\n<div style=\"width: 618px;\" class=\"wp-video\"><!--[if lt IE 9]><script>document.createElement('video');<\/script><![endif]-->\n<video class=\"wp-video-shortcode\" id=\"video-11088-1\" width=\"618\" height=\"348\" preload=\"metadata\" controls=\"controls\"><source type=\"video\/x-flv\" src=\"http:\/\/www.sana.sy\/tr\/wp-content\/uploads\/2014\/09\/Cobaroperasyonlar\u01311.flv?_=1\" \/><a href=\"http:\/\/www.sana.sy\/tr\/wp-content\/uploads\/2014\/09\/Cobaroperasyonlar\u01311.flv\">http:\/\/www.sana.sy\/tr\/wp-content\/uploads\/2014\/09\/Cobaroperasyonlar\u01311.flv<\/a><\/video><\/div>\n<p>&nbsp;<\/p>\n<p><span style=\"color: #0000ff\">Lazkiye Kuzey K\u0131rsal\u0131nda Yabanc\u0131 Uyruklu Ter\u00f6ristler \u00d6ld\u00fcr\u00fcld\u00fc<\/span><\/p>\n<p>Kahraman ordu birliklerimizin Lazkiye kuzey k\u0131rsal\u0131 el Hadra ve Utayra\u2019da ter\u00f6ristlerin toplanma merkezlerini hedef almas\u0131 sonucunda \u00e7o\u011fu yabanc\u0131 uyruklu 17 ter\u00f6rist \u00f6ld\u00fc, kimileri de yaraland\u0131. Operasyonlarda bir f\u00fcze deposu ve 23 mm kalibreli bir top imha edildi.<\/p>\n<p>Askeri kaynak, \u00f6len ter\u00f6ristler arsas\u0131nda Lazkiye\u2019de Nusra Cephesi ter\u00f6r \u00f6rg\u00fct\u00fc askeri kanat lideri Fas uyruklu el &#8216;Haccac el Ma\u011fribi&#8217; kod adl\u0131 Avs el Zaki, Fas uyruklu Milan Silvan&#8217;\u0131n yan\u0131 s\u0131ra &#8216;Ahrar el \u015eam&#8217; adl\u0131 ter\u00f6r \u00f6rg\u00fct\u00fc genel koordinat\u00f6r\u00fc Fasl\u0131 Mahmut Balder ilaveten Tunus uyruklu Asad \u015e\u00fckr\u00fc ve Bilal el Aytun\u2019un bulundu\u011funu ifade etti.<\/p>\n<p><span style=\"color: #0000ff\">Halep ve K\u0131rsal\u0131nda \u00c7ok Say\u0131da Ter\u00f6rist \u00d6ld\u00fcr\u00fcld\u00fc, Ara\u00e7lar\u0131 ve El Yap\u0131m\u0131 F\u00fcze Bataryas\u0131 \u0130mha Edildi<\/span><\/p>\n<p>Askeri kaynak, ordu birliklerimizin Halep ve k\u0131rsal\u0131n\u0131n Ayn el Bayda, Gondol, Deyr Hafer, Kubtan el Cebel, Uveyce, Eski Halep, ve el Zehra Cemiyeti\u2019nde ter\u00f6ristlerin toplanma merkezlerini hedef almas\u0131 sonucunda \u00e7ok say\u0131da ter\u00f6risti \u00f6l\u00fc ve yaral\u0131 d\u00fc\u015f\u00fcrerek ara\u00e7lar\u0131n\u0131 da imha ettiklerini s\u00f6yledi.<\/p>\n<p>Neyreb\u2019in Bat\u0131 ve Kuzeyi, Kuveyris ve Amiriye\u2019de ise ordu operasyonlar\u0131 sonucunda onlarca ter\u00f6ristin \u00f6ld\u00fcr\u00fclmesi, cephane dolu bir ara\u00e7 ve el yap\u0131m\u0131 f\u00fcze bataryas\u0131 imha edildi.<\/p>\n<p>\u015eukeyf, Palas ve Halep-Zirbe yolu \u00fczerinde i\u00e7indeki silah ve ter\u00f6ristlerle birlikte 4 ara\u00e7lar\u0131n\u0131n da imha edildi\u011fi belirtildi.<\/p>\n<p><span style=\"color: #0000ff\">Kunaytra K\u0131rsal\u0131nda \u00c7ok Say\u0131da Ter\u00f6rist \u00d6ld\u00fcr\u00fcld\u00fc Ara\u00e7lar\u0131 \u0130mha Edildi<\/span><\/p>\n<p>Kaynak, askeri birliklerimizin Kunaytra k\u0131rsal\u0131 Ofanya, Cebata el Ha\u015fab, H\u00fcrriyet, Taranca ve Meshara Beldelerinde ter\u00f6ristlerin toplanma merkezlerini hedef almalar\u0131 sonucunda \u00e7ok say\u0131da ter\u00f6risti \u00f6ld\u00fcrd\u00fcklerini, a\u011f\u0131r makineli silahlarla donat\u0131lm\u0131\u015f bir ka\u00e7 ara\u00e7lar\u0131 ve kulland\u0131klar\u0131 motosikletleri de imha ettiklerini s\u00f6yledi.<\/p>\n<p>Kaynak, birliklerimizin Kovm el Ba\u015fa Beldesinde ter\u00f6ristlerin bir h\u00fccreleriyle Bureyka ve Kovm el Ba\u015fa Beldeleri aras\u0131nda konvoy halindeki ara\u00e7lar\u0131n\u0131 hedef almalar\u0131 sonucunda baz\u0131 ara\u00e7lar\u0131 i\u00e7indeki silah ve cephaneyle birlikte imha ettiklerini \u00e7ok say\u0131da ter\u00f6risti de \u00f6l\u00fc ve yaral\u0131 d\u00fc\u015f\u00fcrd\u00fcklerini belirtti.<\/p>\n<p>\u0130\u015fte Kunayt\u0131ra geli\u015fmelerinden g\u00f6r\u00fcnt\u00fcler:<\/p>\n<div style=\"width: 618px;\" class=\"wp-video\"><video class=\"wp-video-shortcode\" id=\"video-11088-2\" width=\"618\" height=\"348\" preload=\"metadata\" controls=\"controls\"><source type=\"video\/x-flv\" src=\"http:\/\/www.sana.sy\/tr\/wp-content\/uploads\/2014\/09\/Kunayt\u0131ra-operasyonlar\u0131.flv?_=2\" \/><a href=\"http:\/\/www.sana.sy\/tr\/wp-content\/uploads\/2014\/09\/Kunayt\u0131ra-operasyonlar\u0131.flv\">http:\/\/www.sana.sy\/tr\/wp-content\/uploads\/2014\/09\/Kunayt\u0131ra-operasyonlar\u0131.flv<\/a><\/video><\/div>\n<p>&nbsp;<\/p>\n<p><span style=\"color: #0000ff\">Dera K\u0131rsal\u0131nda S\u0131zma Giri\u015fimleri \u00c7\u00f6kertildi \u00c7ok Say\u0131da Ter\u00f6rist Ara\u00e7lar\u0131yla Etkisiz Hale Getirildi<\/span><\/p>\n<p>Askeri kaynak, ordu birliklerimizin Dera Beled\u2019te biri Men\u015fiyye Semtindeki baz\u0131 askeri kontrol noktas\u0131 ile di\u011feri ise Kuzeybat\u0131 taraf\u0131ndan Ataman Beldesine s\u0131zma ve sald\u0131r\u0131 giri\u015fiminde bulunan ter\u00f6ristlerle \u00e7\u0131kan \u00e7at\u0131\u015fmalarda \u00e7ok say\u0131da ter\u00f6ristin \u00f6l\u00fc ve yaral\u0131 d\u00fc\u015f\u00fcr\u00fcld\u00fc\u011f\u00fcn\u00fc s\u00f6yledi.<\/p>\n<p>Ordu birliklerimiz ayr\u0131ca, Atman \u2013 Tafas yolunda ter\u00f6ristlerin kulland\u0131klar\u0131 baz\u0131 ara\u00e7 ve motosikletin hedef al\u0131nmas\u0131 sonucunda i\u00e7indeki silah ve ter\u00f6ristlerle birlikte imha edildi\u011fini ifade etti.<\/p>\n<p>Ordu birliklerimiz Dera k\u0131rsal\u0131 Hicce Beldesinin do\u011fusu ile Neva ve Anhel Beldelerinde ter\u00f6ristlerin toplanma merkezlerini hedef ald\u0131klar\u0131n\u0131 \u00e7ok say\u0131da ter\u00f6risti \u00f6l\u00fc ve yaral\u0131 d\u00fc\u015f\u00fcrd\u00fcklerini ifade etti.<\/p>\n<p>Kaynak, operasyonlarda ter\u00f6ristlerin kulland\u0131\u011f\u0131 bir ka\u00e7 arac\u0131n i\u00e7indeki, ter\u00f6rist, silah ve cephaneyle birlikte etkisiz hale getirildi\u011fini aktard\u0131.<\/p>\n<p><span style=\"color: #0000ff\">Hama\u2019da Ter\u00f6ristlerin Bir Arac\u0131 ve Bir Silah Deposu \u0130mha Edildi<\/span><\/p>\n<p>Ordumuz Hama K\u0131rsal\u0131nda makineli silahla donat\u0131lm\u0131\u015f bir arac\u0131 ve bir silah deposunu imha etti.<\/p>\n<p>Askeri kaynak, birliklerimizin Hama K\u0131rsal\u0131nda Latamina, Kefrzeta, Masafina, Morek, Sayyad, Hamadaniyya, Salba ve Ukeyrbat b\u00f6lgelerinde d\u00fczenledi\u011fi operasyon sonucu \u00e7ok say\u0131da ter\u00f6ristin \u00f6l\u00fc ve yaral\u0131 d\u00fc\u015ft\u00fc\u011f\u00fcn\u00fc belirtti.<\/p>\n<p><span style=\"color: #0000ff\">\u0130dlib K\u0131rsal\u0131nda Ter\u00f6ristlerin Ara\u00e7lar\u0131 \u0130mha Edildi<\/span><\/p>\n<p>Askeri bir kaynak ordu birliklerimizin \u0130dlib\u2019e ba\u011fl\u0131 Bestamon il\u00e7esi \u00e7evresinde ter\u00f6ristlerin kolland\u0131klar\u0131 ara\u00e7lar\u0131 yok edip, i\u00e7erisindeki ter\u00f6ristleri \u00f6l\u00fc ve yaral\u0131 d\u00fc\u015f\u00fcrd\u00fc\u011f\u00fcn\u00fc a\u00e7\u0131klad\u0131.<\/p>\n<p><span style=\"color: #0000ff\">Homs K\u0131rsal\u0131nda Ter\u00f6rist H\u00fccreler \u00c7\u00f6kertildi<\/span><\/p>\n<p>Homs\u2019un K\u0131rsal\u0131nda Kefrlaha, Semermer Vadisi ve Fav\u015favi\u015f b\u00f6lgelerinde askeri birliklerimizin ter\u00f6rist h\u00fccrelere d\u00fczenledi\u011fi operasyonlar sonucu \u00e7ok say\u0131da ter\u00f6rist \u00f6l\u00fc ve yaral\u0131 d\u00fc\u015ft\u00fc.<\/p>\n<p><span style=\"color: #0000ff\">Deyrezzor&#8217;da I\u015e\u0130D Ter\u00f6ristlerinin Dozeri imha edildi<\/span><\/p>\n<p>Deyrezzor\u2019da Huveyka, Sinaa, Matar ve Re\u015fdiye semtlerinde I\u015e\u0130D ter\u00f6r \u00f6rg\u00fct\u00fcne ait yuvalar vuruldu, bir k\u0131sm\u0131 yabanc\u0131 \u00e7ok say\u0131da ter\u00f6rist \u00f6l\u00fc ve yaral\u0131 d\u00fc\u015fterken, Siyasiyye K\u00f6pr\u00fcs\u00fc civar\u0131nda ter\u00f6ristlere ait bir dozer ve b\u00fcy\u00fck miktarda cephanelik imha edildi.<\/p>\n<p>&nbsp;<\/p>\n","protected":false},"excerpt":{"rendered":"<p>\u0130LLER \u2013 Kahraman ordu birliklerimizin ter\u00f6rle m\u00fccadele kapsam\u0131nda \u00fclkenin muhtelif b\u00f6lgelerinde d\u00fczenledi\u011fi ba\u015far\u0131l\u0131 operasyonlar sonucunda \u00e7ok say\u0131da ter\u00f6rist su\u00e7 edatlar\u0131yla birlikte etkisiz hale getirildi. \u015eam K\u0131rsal\u0131nda Ter\u00f6r H\u00fccreleri \u00c7\u00f6kertildi Askeri kaynak, ordu birliklerimizin \u015eam K\u0131rsal\u0131 Akraba K\u00f6y\u00fc\u2019n\u00fcn g\u00fcneyinde ter\u00f6ristlerin k\u00fcmleneme yerlerini i\u00e7indeki ter\u00f6ristlerle birlikte hedef almalar\u0131 sonucunda \u00e7ok say\u0131da ter\u00f6risti \u00f6ld\u00fcrd\u00fcklerini ara\u00e7lar\u0131n\u0131 da imha ettiklerini &hellip;<\/p>\n","protected":false},"author":1,"featured_media":11089,"comment_status":"closed","ping_status":"closed","sticky":false,"template":"","format":"standard","meta":{"footnotes":""},"categories":[575],"tags":[2672],"class_list":["post-11088","post","type-post","status-publish","format-standard","has-post-thumbnail","","category-olaylar-ve-gercekler","tag-ordu-operasyonlarinda-teroristlerin-agir-kayiplari-suruyor"],"_links":{"self":[{"href":"https:\/\/archive.sana.sy\/tr\/index.php?rest_route=\/wp\/v2\/posts\/11088","targetHints":{"allow":["GET"]}}],"collection":[{"href":"https:\/\/archive.sana.sy\/tr\/index.php?rest_route=\/wp\/v2\/posts"}],"about":[{"href":"https:\/\/archive.sana.sy\/tr\/index.php?rest_route=\/wp\/v2\/types\/post"}],"author":[{"embeddable":true,"href":"https:\/\/archive.sana.sy\/tr\/index.php?rest_route=\/wp\/v2\/users\/1"}],"replies":[{"embeddable":true,"href":"https:\/\/archive.sana.sy\/tr\/index.php?rest_route=%2Fwp%2Fv2%2Fcomments&post=11088"}],"version-history":[{"count":0,"href":"https:\/\/archive.sana.sy\/tr\/index.php?rest_route=\/wp\/v2\/posts\/11088\/revisions"}],"wp:featuredmedia":[{"embeddable":true,"href":"https:\/\/archive.sana.sy\/tr\/index.php?rest_route=\/wp\/v2\/media\/11089"}],"wp:attachment":[{"href":"https:\/\/archive.sana.sy\/tr\/index.php?rest_route=%2Fwp%2Fv2%2Fmedia&parent=11088"}],"wp:term":[{"taxonomy":"category","embeddable":true,"href":"https:\/\/archive.sana.sy\/tr\/index.php?rest_route=%2Fwp%2Fv2%2Fcategories&post=11088"},{"taxonomy":"post_tag","embeddable":true,"href":"https:\/\/archive.sana.sy\/tr\/index.php?rest_route=%2Fwp%2Fv2%2Ftags&post=11088"}],"curies":[{"name":"wp","href":"https:\/\/api.w.org\/{rel}","templated":true}]}}