{"id":110895,"date":"2017-04-10T08:38:45","date_gmt":"2017-04-10T05:38:45","guid":{"rendered":"http:\/\/www.sana.sy\/tr\/?p=110895"},"modified":"2017-04-10T14:07:35","modified_gmt":"2017-04-10T11:07:35","slug":"ordu-birliklerimizin-catismalara-es-zamanli-olarak-kerk-ve-mensiye-semtlerinde-teroristlerin-siperleri-karargah-ve-hareketlenmelerini-yogun-top-atesine-tuttuklarini-belirten-kaynak-agir-silahlariyla","status":"publish","type":"post","link":"https:\/\/archive.sana.sy\/tr\/?p=110895","title":{"rendered":"Ordu birliklerimizin \u00e7at\u0131\u015fmalara e\u015f zamanl\u0131 olarak Kerk ve Men\u015fiye semtlerinde ter\u00f6ristlerin siperleri, karargah ve hareketlenmelerini yo\u011fun top ate\u015fine tuttuklar\u0131n\u0131 belirten kaynak; a\u011f\u0131r silahlar\u0131yla birlikte bir\u00e7ok ter\u00f6ristin \u00f6l\u00fc yaral\u0131 d\u00fc\u015f\u00fcr\u00fcld\u00fc\u011f\u00fcn\u00fc s\u00f6zlerine ekledi"},"content":{"rendered":"<p>Ordu birliklerimizin \u00e7at\u0131\u015fmalara e\u015f zamanl\u0131 olarak Kerk ve Men\u015fiye semtlerinde ter\u00f6ristlerin siperleri, karargah ve hareketlenmelerini yo\u011fun top ate\u015fine tuttuklar\u0131n\u0131 belirten kaynak; a\u011f\u0131r silahlar\u0131yla birlikte bir\u00e7ok ter\u00f6ristin \u00f6l\u00fc yaral\u0131 d\u00fc\u015f\u00fcr\u00fcld\u00fc\u011f\u00fcn\u00fc s\u00f6zlerine ekledi<\/p>\n","protected":false},"excerpt":{"rendered":"<p>Ordu birliklerimizin \u00e7at\u0131\u015fmalara e\u015f zamanl\u0131 olarak Kerk ve Men\u015fiye semtlerinde ter\u00f6ristlerin siperleri, karargah ve hareketlenmelerini yo\u011fun top ate\u015fine tuttuklar\u0131n\u0131 belirten kaynak; a\u011f\u0131r silahlar\u0131yla birlikte bir\u00e7ok ter\u00f6ristin \u00f6l\u00fc yaral\u0131 d\u00fc\u015f\u00fcr\u00fcld\u00fc\u011f\u00fcn\u00fc s\u00f6zlerine ekledi<\/p>\n","protected":false},"author":1,"featured_media":0,"comment_status":"closed","ping_status":"closed","sticky":false,"template":"","format":"standard","meta":{"footnotes":""},"categories":[17991],"tags":[],"class_list":["post-110895","post","type-post","status-publish","format-standard","","category-son-dakika"],"_links":{"self":[{"href":"https:\/\/archive.sana.sy\/tr\/index.php?rest_route=\/wp\/v2\/posts\/110895","targetHints":{"allow":["GET"]}}],"collection":[{"href":"https:\/\/archive.sana.sy\/tr\/index.php?rest_route=\/wp\/v2\/posts"}],"about":[{"href":"https:\/\/archive.sana.sy\/tr\/index.php?rest_route=\/wp\/v2\/types\/post"}],"author":[{"embeddable":true,"href":"https:\/\/archive.sana.sy\/tr\/index.php?rest_route=\/wp\/v2\/users\/1"}],"replies":[{"embeddable":true,"href":"https:\/\/archive.sana.sy\/tr\/index.php?rest_route=%2Fwp%2Fv2%2Fcomments&post=110895"}],"version-history":[{"count":0,"href":"https:\/\/archive.sana.sy\/tr\/index.php?rest_route=\/wp\/v2\/posts\/110895\/revisions"}],"wp:attachment":[{"href":"https:\/\/archive.sana.sy\/tr\/index.php?rest_route=%2Fwp%2Fv2%2Fmedia&parent=110895"}],"wp:term":[{"taxonomy":"category","embeddable":true,"href":"https:\/\/archive.sana.sy\/tr\/index.php?rest_route=%2Fwp%2Fv2%2Fcategories&post=110895"},{"taxonomy":"post_tag","embeddable":true,"href":"https:\/\/archive.sana.sy\/tr\/index.php?rest_route=%2Fwp%2Fv2%2Ftags&post=110895"}],"curies":[{"name":"wp","href":"https:\/\/api.w.org\/{rel}","templated":true}]}}