{"id":110899,"date":"2017-04-10T08:33:29","date_gmt":"2017-04-10T05:33:29","guid":{"rendered":"http:\/\/www.sana.sy\/tr\/?p=110899"},"modified":"2017-04-10T14:07:13","modified_gmt":"2017-04-10T11:07:13","slug":"askeri-kaynak-ordu-birliklerimizin-derada-israilden-talimat-alan-nusra-cephesi-ve-catisi-altindaki-teroristlerin-dera-beledte-muaviye-okulu-ekseninden-askeri-mevkilere-saldi","status":"publish","type":"post","link":"https:\/\/archive.sana.sy\/tr\/?p=110899","title":{"rendered":"Askeri kaynak ordu birliklerimizin Dera\u2019da \u0130srail\u2019den talimat alan Nusra Cephesi ve \u00e7at\u0131s\u0131 alt\u0131ndaki ter\u00f6ristlerin Dera Beled\u2019te Muaviye Okulu ekseninden askeri mevkilere sald\u0131r\u0131 giri\u015fimlerini \u00e7\u00f6kerttiklerini belirtti. Kaynak ya\u015fanan \u00e7at\u0131\u015fmalarda aralar\u0131nda az\u0131l\u0131 isimlerin bulundu\u011fu \u00e7ok say\u0131da ter\u00f6ristin silahlar\u0131yla birlikte etkisizle\u015ftirildi\u011fini s\u00f6yledi"},"content":{"rendered":"<p>Askeri kaynak ordu birliklerimizin Dera\u2019da \u0130srail\u2019den talimat alan Nusra Cephesi ve \u00e7at\u0131s\u0131 alt\u0131ndaki ter\u00f6ristlerin Dera Beled\u2019te Muaviye Okulu ekseninden askeri mevkilere sald\u0131r\u0131 giri\u015fimlerini \u00e7\u00f6kerttiklerini belirtti. Kaynak ya\u015fanan \u00e7at\u0131\u015fmalarda aralar\u0131nda az\u0131l\u0131 isimlerin bulundu\u011fu \u00e7ok say\u0131da ter\u00f6ristin silahlar\u0131yla birlikte etkisizle\u015ftirildi\u011fini s\u00f6yledi<\/p>\n","protected":false},"excerpt":{"rendered":"<p>Askeri kaynak ordu birliklerimizin Dera\u2019da \u0130srail\u2019den talimat alan Nusra Cephesi ve \u00e7at\u0131s\u0131 alt\u0131ndaki ter\u00f6ristlerin Dera Beled\u2019te Muaviye Okulu ekseninden askeri mevkilere sald\u0131r\u0131 giri\u015fimlerini \u00e7\u00f6kerttiklerini belirtti. Kaynak ya\u015fanan \u00e7at\u0131\u015fmalarda aralar\u0131nda az\u0131l\u0131 isimlerin bulundu\u011fu \u00e7ok say\u0131da ter\u00f6ristin silahlar\u0131yla birlikte etkisizle\u015ftirildi\u011fini s\u00f6yledi<\/p>\n","protected":false},"author":1,"featured_media":0,"comment_status":"closed","ping_status":"closed","sticky":false,"template":"","format":"standard","meta":{"footnotes":""},"categories":[17991],"tags":[],"class_list":["post-110899","post","type-post","status-publish","format-standard","","category-son-dakika"],"_links":{"self":[{"href":"https:\/\/archive.sana.sy\/tr\/index.php?rest_route=\/wp\/v2\/posts\/110899","targetHints":{"allow":["GET"]}}],"collection":[{"href":"https:\/\/archive.sana.sy\/tr\/index.php?rest_route=\/wp\/v2\/posts"}],"about":[{"href":"https:\/\/archive.sana.sy\/tr\/index.php?rest_route=\/wp\/v2\/types\/post"}],"author":[{"embeddable":true,"href":"https:\/\/archive.sana.sy\/tr\/index.php?rest_route=\/wp\/v2\/users\/1"}],"replies":[{"embeddable":true,"href":"https:\/\/archive.sana.sy\/tr\/index.php?rest_route=%2Fwp%2Fv2%2Fcomments&post=110899"}],"version-history":[{"count":0,"href":"https:\/\/archive.sana.sy\/tr\/index.php?rest_route=\/wp\/v2\/posts\/110899\/revisions"}],"wp:attachment":[{"href":"https:\/\/archive.sana.sy\/tr\/index.php?rest_route=%2Fwp%2Fv2%2Fmedia&parent=110899"}],"wp:term":[{"taxonomy":"category","embeddable":true,"href":"https:\/\/archive.sana.sy\/tr\/index.php?rest_route=%2Fwp%2Fv2%2Fcategories&post=110899"},{"taxonomy":"post_tag","embeddable":true,"href":"https:\/\/archive.sana.sy\/tr\/index.php?rest_route=%2Fwp%2Fv2%2Ftags&post=110899"}],"curies":[{"name":"wp","href":"https:\/\/api.w.org\/{rel}","templated":true}]}}