{"id":110902,"date":"2017-04-10T09:07:38","date_gmt":"2017-04-10T06:07:38","guid":{"rendered":"http:\/\/www.sana.sy\/tr\/?p=110902"},"modified":"2017-04-10T14:08:16","modified_gmt":"2017-04-10T11:08:16","slug":"deyrezzor-kenti-ve-ahalisini-iki-yildan-fazla-suredir-kusatma-altinda-tutan-isid-teror-orgutune-karsi-operasyonlar-konusunda-askeri-kaynak-ordu-birliklerimizin-bugun-137-alay-ve-askeri-havalimani-civ","status":"publish","type":"post","link":"https:\/\/archive.sana.sy\/tr\/?p=110902","title":{"rendered":"Deyrezzor Kenti ve ahalisini iki y\u0131ldan fazla s\u00fcredir ku\u015fatma alt\u0131nda tutan I\u015e\u0130D ter\u00f6r \u00f6rg\u00fct\u00fcne kar\u015f\u0131 operasyonlar konusunda askeri kaynak ordu birliklerimizin bug\u00fcn 137. Alay ve askeri havaliman\u0131 civarlar\u0131na ilaveten Deyrezzor Kentinin Huveyka ve Sanayi semtlerinde bu tekfirci \u00e7etelerin karargah, siper ve karargahlar\u0131n\u0131 ate\u015fe tuttuklar\u0131n\u0131 aktard\u0131"},"content":{"rendered":"<p>Deyrezzor Kenti ve ahalisini iki y\u0131ldan fazla s\u00fcredir ku\u015fatma alt\u0131nda tutan I\u015e\u0130D ter\u00f6r \u00f6rg\u00fct\u00fcne kar\u015f\u0131 operasyonlar konusunda askeri kaynak ordu birliklerimizin bug\u00fcn 137. Alay ve askeri havaliman\u0131 civarlar\u0131na ilaveten Deyrezzor Kentinin Huveyka ve Sanayi semtlerinde bu tekfirci \u00e7etelerin karargah, siper ve karargahlar\u0131n\u0131 ate\u015fe tuttuklar\u0131n\u0131 aktard\u0131<\/p>\n","protected":false},"excerpt":{"rendered":"<p>Deyrezzor Kenti ve ahalisini iki y\u0131ldan fazla s\u00fcredir ku\u015fatma alt\u0131nda tutan I\u015e\u0130D ter\u00f6r \u00f6rg\u00fct\u00fcne kar\u015f\u0131 operasyonlar konusunda askeri kaynak ordu birliklerimizin bug\u00fcn 137. Alay ve askeri havaliman\u0131 civarlar\u0131na ilaveten Deyrezzor Kentinin Huveyka ve Sanayi semtlerinde bu tekfirci \u00e7etelerin karargah, siper ve karargahlar\u0131n\u0131 ate\u015fe tuttuklar\u0131n\u0131 aktard\u0131<\/p>\n","protected":false},"author":1,"featured_media":0,"comment_status":"closed","ping_status":"closed","sticky":false,"template":"","format":"standard","meta":{"footnotes":""},"categories":[17991],"tags":[],"class_list":["post-110902","post","type-post","status-publish","format-standard","","category-son-dakika"],"_links":{"self":[{"href":"https:\/\/archive.sana.sy\/tr\/index.php?rest_route=\/wp\/v2\/posts\/110902","targetHints":{"allow":["GET"]}}],"collection":[{"href":"https:\/\/archive.sana.sy\/tr\/index.php?rest_route=\/wp\/v2\/posts"}],"about":[{"href":"https:\/\/archive.sana.sy\/tr\/index.php?rest_route=\/wp\/v2\/types\/post"}],"author":[{"embeddable":true,"href":"https:\/\/archive.sana.sy\/tr\/index.php?rest_route=\/wp\/v2\/users\/1"}],"replies":[{"embeddable":true,"href":"https:\/\/archive.sana.sy\/tr\/index.php?rest_route=%2Fwp%2Fv2%2Fcomments&post=110902"}],"version-history":[{"count":0,"href":"https:\/\/archive.sana.sy\/tr\/index.php?rest_route=\/wp\/v2\/posts\/110902\/revisions"}],"wp:attachment":[{"href":"https:\/\/archive.sana.sy\/tr\/index.php?rest_route=%2Fwp%2Fv2%2Fmedia&parent=110902"}],"wp:term":[{"taxonomy":"category","embeddable":true,"href":"https:\/\/archive.sana.sy\/tr\/index.php?rest_route=%2Fwp%2Fv2%2Fcategories&post=110902"},{"taxonomy":"post_tag","embeddable":true,"href":"https:\/\/archive.sana.sy\/tr\/index.php?rest_route=%2Fwp%2Fv2%2Ftags&post=110902"}],"curies":[{"name":"wp","href":"https:\/\/api.w.org\/{rel}","templated":true}]}}