{"id":110903,"date":"2017-04-10T09:13:00","date_gmt":"2017-04-10T06:13:00","guid":{"rendered":"http:\/\/www.sana.sy\/tr\/?p=110903"},"modified":"2017-04-10T14:08:40","modified_gmt":"2017-04-10T11:08:40","slug":"kaynak-kentin-guney-kenarlari-makabir-bolgesinde-de-tekfirci-teror-orgutunun-hareket-ve-mevkilerinin-imha-edildigini-ifade-ederken-operasyonlarda-agir-makineli-silahlarla-donatilmis-araclarin-yani-sir","status":"publish","type":"post","link":"https:\/\/archive.sana.sy\/tr\/?p=110903","title":{"rendered":"Kaynak kentin g\u00fcney kenarlar\u0131 Makabir B\u00f6lgesinde de tekfirci ter\u00f6r \u00f6rg\u00fct\u00fcn\u00fcn hareket ve mevkilerinin imha edildi\u011fini ifade ederken operasyonlarda a\u011f\u0131r makineli silahlarla donat\u0131lm\u0131\u015f ara\u00e7lar\u0131n yan\u0131 s\u0131ra top rampalar\u0131yla birlikte \u00e7ok say\u0131da ter\u00f6ristin \u00f6ld\u00fcr\u00fcld\u00fc\u011f\u00fcn\u00fc aktard\u0131"},"content":{"rendered":"<p>Kaynak kentin g\u00fcney kenarlar\u0131 Makabir B\u00f6lgesinde de tekfirci ter\u00f6r \u00f6rg\u00fct\u00fcn\u00fcn hareket ve mevkilerinin imha edildi\u011fini ifade ederken operasyonlarda a\u011f\u0131r makineli silahlarla donat\u0131lm\u0131\u015f ara\u00e7lar\u0131n yan\u0131 s\u0131ra top rampalar\u0131yla birlikte \u00e7ok say\u0131da ter\u00f6ristin \u00f6ld\u00fcr\u00fcld\u00fc\u011f\u00fcn\u00fc aktard\u0131<\/p>\n","protected":false},"excerpt":{"rendered":"<p>Kaynak kentin g\u00fcney kenarlar\u0131 Makabir B\u00f6lgesinde de tekfirci ter\u00f6r \u00f6rg\u00fct\u00fcn\u00fcn hareket ve mevkilerinin imha edildi\u011fini ifade ederken operasyonlarda a\u011f\u0131r makineli silahlarla donat\u0131lm\u0131\u015f ara\u00e7lar\u0131n yan\u0131 s\u0131ra top rampalar\u0131yla birlikte \u00e7ok say\u0131da ter\u00f6ristin \u00f6ld\u00fcr\u00fcld\u00fc\u011f\u00fcn\u00fc aktard\u0131<\/p>\n","protected":false},"author":1,"featured_media":0,"comment_status":"closed","ping_status":"closed","sticky":false,"template":"","format":"standard","meta":{"footnotes":""},"categories":[17991],"tags":[],"class_list":["post-110903","post","type-post","status-publish","format-standard","","category-son-dakika"],"_links":{"self":[{"href":"https:\/\/archive.sana.sy\/tr\/index.php?rest_route=\/wp\/v2\/posts\/110903","targetHints":{"allow":["GET"]}}],"collection":[{"href":"https:\/\/archive.sana.sy\/tr\/index.php?rest_route=\/wp\/v2\/posts"}],"about":[{"href":"https:\/\/archive.sana.sy\/tr\/index.php?rest_route=\/wp\/v2\/types\/post"}],"author":[{"embeddable":true,"href":"https:\/\/archive.sana.sy\/tr\/index.php?rest_route=\/wp\/v2\/users\/1"}],"replies":[{"embeddable":true,"href":"https:\/\/archive.sana.sy\/tr\/index.php?rest_route=%2Fwp%2Fv2%2Fcomments&post=110903"}],"version-history":[{"count":0,"href":"https:\/\/archive.sana.sy\/tr\/index.php?rest_route=\/wp\/v2\/posts\/110903\/revisions"}],"wp:attachment":[{"href":"https:\/\/archive.sana.sy\/tr\/index.php?rest_route=%2Fwp%2Fv2%2Fmedia&parent=110903"}],"wp:term":[{"taxonomy":"category","embeddable":true,"href":"https:\/\/archive.sana.sy\/tr\/index.php?rest_route=%2Fwp%2Fv2%2Fcategories&post=110903"},{"taxonomy":"post_tag","embeddable":true,"href":"https:\/\/archive.sana.sy\/tr\/index.php?rest_route=%2Fwp%2Fv2%2Ftags&post=110903"}],"curies":[{"name":"wp","href":"https:\/\/api.w.org\/{rel}","templated":true}]}}