{"id":110907,"date":"2017-04-10T09:25:57","date_gmt":"2017-04-10T06:25:57","guid":{"rendered":"http:\/\/www.sana.sy\/tr\/?p=110907"},"modified":"2017-04-10T14:09:43","modified_gmt":"2017-04-10T11:09:43","slug":"askeri-kaynak-hava-guclerimizin-ise-makabir-ve-serda-bolgelerinde-tekfircilerin-karargah-ve-araclarini-muhtevalariyla-imha-ettiklerini-aktardi","status":"publish","type":"post","link":"https:\/\/archive.sana.sy\/tr\/?p=110907","title":{"rendered":"Askeri kaynak hava g\u00fc\u00e7lerimizin ise Makabir ve Serda b\u00f6lgelerinde tekfircilerin karargah ve ara\u00e7lar\u0131n\u0131 muhtevalar\u0131yla imha ettiklerini aktard\u0131."},"content":{"rendered":"<p>Askeri kaynak hava g\u00fc\u00e7lerimizin ise Makabir ve Serda b\u00f6lgelerinde tekfircilerin karargah ve ara\u00e7lar\u0131n\u0131 muhtevalar\u0131yla imha ettiklerini aktard\u0131.<\/p>\n","protected":false},"excerpt":{"rendered":"<p>Askeri kaynak hava g\u00fc\u00e7lerimizin ise Makabir ve Serda b\u00f6lgelerinde tekfircilerin karargah ve ara\u00e7lar\u0131n\u0131 muhtevalar\u0131yla imha ettiklerini aktard\u0131.<\/p>\n","protected":false},"author":1,"featured_media":0,"comment_status":"closed","ping_status":"closed","sticky":false,"template":"","format":"standard","meta":{"footnotes":""},"categories":[17991],"tags":[],"class_list":["post-110907","post","type-post","status-publish","format-standard","","category-son-dakika"],"_links":{"self":[{"href":"https:\/\/archive.sana.sy\/tr\/index.php?rest_route=\/wp\/v2\/posts\/110907","targetHints":{"allow":["GET"]}}],"collection":[{"href":"https:\/\/archive.sana.sy\/tr\/index.php?rest_route=\/wp\/v2\/posts"}],"about":[{"href":"https:\/\/archive.sana.sy\/tr\/index.php?rest_route=\/wp\/v2\/types\/post"}],"author":[{"embeddable":true,"href":"https:\/\/archive.sana.sy\/tr\/index.php?rest_route=\/wp\/v2\/users\/1"}],"replies":[{"embeddable":true,"href":"https:\/\/archive.sana.sy\/tr\/index.php?rest_route=%2Fwp%2Fv2%2Fcomments&post=110907"}],"version-history":[{"count":0,"href":"https:\/\/archive.sana.sy\/tr\/index.php?rest_route=\/wp\/v2\/posts\/110907\/revisions"}],"wp:attachment":[{"href":"https:\/\/archive.sana.sy\/tr\/index.php?rest_route=%2Fwp%2Fv2%2Fmedia&parent=110907"}],"wp:term":[{"taxonomy":"category","embeddable":true,"href":"https:\/\/archive.sana.sy\/tr\/index.php?rest_route=%2Fwp%2Fv2%2Fcategories&post=110907"},{"taxonomy":"post_tag","embeddable":true,"href":"https:\/\/archive.sana.sy\/tr\/index.php?rest_route=%2Fwp%2Fv2%2Ftags&post=110907"}],"curies":[{"name":"wp","href":"https:\/\/api.w.org\/{rel}","templated":true}]}}