{"id":110914,"date":"2017-04-10T10:00:28","date_gmt":"2017-04-10T07:00:28","guid":{"rendered":"http:\/\/www.sana.sy\/tr\/?p=110914"},"modified":"2017-04-11T15:27:48","modified_gmt":"2017-04-11T12:27:48","slug":"israil-teroristlere-destegini-surdurecek","status":"publish","type":"post","link":"https:\/\/archive.sana.sy\/tr\/?p=110914","title":{"rendered":"\u0130srail Ter\u00f6ristlere Deste\u011fini S\u00fcrd\u00fcrecek"},"content":{"rendered":"<p>KUD\u00dcS \u2013 Siyonist \u0130srail ile Kaide \u00d6rg\u00fct\u00fcn\u00fcn Suriye kolu olan ve uluslar aras\u0131 ter\u00f6r \u00f6rg\u00fctleri listesinde yer alan Nusra Cephesi dahil Suriye\u2019de tarihin benzerini g\u00f6rmedi\u011fi vah\u015fi eylemlerde bunan ter\u00f6r \u00f6rg\u00fctleri aras\u0131ndaki ba\u011flant\u0131n\u0131n yeni bir kan\u0131t\u0131 olarak ; \u0130srail Ba\u015fkan\u0131 Reuven Rivlin; \u0130srail&#8217;in Suriye&#8217;deki ter\u00f6r \u00f6rg\u00fctlere elinden gelen her deste\u011fi temin etmeye devam edece\u011fini s\u00f6yledi.<\/p>\n<p>\u0130srailli muhtelif medya ara\u00e7lar\u0131n\u0131n aktard\u0131klar\u0131 a\u00e7\u0131klamalar\u0131nda Rivlin; \u0130srail hastanelerinde tedavi g\u00f6ren ter\u00f6ristleri ziyaret ederken, \u0130srail&#8217;in Suriye&#8217;deki ter\u00f6r \u00f6rg\u00fctlere her deste\u011fi temin etmek i\u00e7in elinden gelen t\u00fcm gayreti g\u00f6sterece\u011fini belirtti. Rivlin ter\u00f6ristlerin tedavisi i\u00e7in onlara daha fazla ilgi g\u00f6sterilmesini de talep etti.<\/p>\n","protected":false},"excerpt":{"rendered":"<p>KUD\u00dcS \u2013 Siyonist \u0130srail ile Kaide \u00d6rg\u00fct\u00fcn\u00fcn Suriye kolu olan ve uluslar aras\u0131 ter\u00f6r \u00f6rg\u00fctleri listesinde yer alan Nusra Cephesi dahil Suriye\u2019de tarihin benzerini g\u00f6rmedi\u011fi vah\u015fi eylemlerde bunan ter\u00f6r \u00f6rg\u00fctleri aras\u0131ndaki ba\u011flant\u0131n\u0131n yeni bir kan\u0131t\u0131 olarak ; \u0130srail Ba\u015fkan\u0131 Reuven Rivlin; \u0130srail&#8217;in Suriye&#8217;deki ter\u00f6r \u00f6rg\u00fctlere elinden gelen her deste\u011fi temin etmeye devam edece\u011fini s\u00f6yledi. \u0130srailli &hellip;<\/p>\n","protected":false},"author":1,"featured_media":74540,"comment_status":"closed","ping_status":"closed","sticky":false,"template":"","format":"standard","meta":{"footnotes":""},"categories":[458,459,17988],"tags":[28935],"class_list":["post-110914","post","type-post","status-publish","format-standard","has-post-thumbnail","","category-dunya1","category-haberler-arap-uluslararasi-politika","category-son-haberler","tag-israil-teroristlere-destegini-surdurecek"],"_links":{"self":[{"href":"https:\/\/archive.sana.sy\/tr\/index.php?rest_route=\/wp\/v2\/posts\/110914","targetHints":{"allow":["GET"]}}],"collection":[{"href":"https:\/\/archive.sana.sy\/tr\/index.php?rest_route=\/wp\/v2\/posts"}],"about":[{"href":"https:\/\/archive.sana.sy\/tr\/index.php?rest_route=\/wp\/v2\/types\/post"}],"author":[{"embeddable":true,"href":"https:\/\/archive.sana.sy\/tr\/index.php?rest_route=\/wp\/v2\/users\/1"}],"replies":[{"embeddable":true,"href":"https:\/\/archive.sana.sy\/tr\/index.php?rest_route=%2Fwp%2Fv2%2Fcomments&post=110914"}],"version-history":[{"count":0,"href":"https:\/\/archive.sana.sy\/tr\/index.php?rest_route=\/wp\/v2\/posts\/110914\/revisions"}],"wp:featuredmedia":[{"embeddable":true,"href":"https:\/\/archive.sana.sy\/tr\/index.php?rest_route=\/wp\/v2\/media\/74540"}],"wp:attachment":[{"href":"https:\/\/archive.sana.sy\/tr\/index.php?rest_route=%2Fwp%2Fv2%2Fmedia&parent=110914"}],"wp:term":[{"taxonomy":"category","embeddable":true,"href":"https:\/\/archive.sana.sy\/tr\/index.php?rest_route=%2Fwp%2Fv2%2Fcategories&post=110914"},{"taxonomy":"post_tag","embeddable":true,"href":"https:\/\/archive.sana.sy\/tr\/index.php?rest_route=%2Fwp%2Fv2%2Ftags&post=110914"}],"curies":[{"name":"wp","href":"https:\/\/api.w.org\/{rel}","templated":true}]}}