{"id":110923,"date":"2017-04-10T10:15:34","date_gmt":"2017-04-10T07:15:34","guid":{"rendered":"http:\/\/www.sana.sy\/tr\/?p=110923"},"modified":"2017-04-11T15:27:40","modified_gmt":"2017-04-11T12:27:40","slug":"suriye-konulu-astana-gorusmelerine-hazirliklar-devam-ediyor","status":"publish","type":"post","link":"https:\/\/archive.sana.sy\/tr\/?p=110923","title":{"rendered":"Suriye Konulu Astana G\u00f6r\u00fc\u015fmelerine Haz\u0131rl\u0131klar Devam Ediyor"},"content":{"rendered":"<p>ASTANA \u2013 Kazakistan D\u0131\u015fi\u015fleri Bakan\u0131 Kairat Abdrakhmanov; Suriye&#8217;deki krize siyasi \u00e7\u00f6z\u00fcm sa\u011flama amac\u0131yla \u00f6n\u00fcm\u00fczdeki ay i\u00e7inde Astana\u2019da yap\u0131lmas\u0131 beklenen Suriye konulu g\u00f6r\u00fc\u015fmelerin yeni turuna haz\u0131rl\u0131klar\u0131n devam etti\u011fini belirtti.<\/p>\n<p>RIA Novosti Ajans\u0131n\u0131n bug\u00fcn aktard\u0131\u011f\u0131 a\u00e7\u0131klamalar\u0131nda Abdrakhmanov; Suriye&#8217;de siyasi \u00e7\u00f6z\u00fcm\u00fcn sa\u011flanmas\u0131na \u00f6nem veren t\u00fcm taraflar\u0131 Astana g\u00f6r\u00fc\u015fmeleri ve BM \u015femsiyesi alt\u0131nda yap\u0131lan Cenevre g\u00f6r\u00fc\u015fmelerini desteklemelerine davet etti.<\/p>\n<p>Abdrakhmanov g\u00f6r\u00fc\u015fmelerinin yeni turunun 3-4 May\u0131s tarihleri aras\u0131nda yap\u0131lmas\u0131 beklendi\u011fine i\u015faret ederken, bu g\u00f6r\u00fc\u015fmeler i\u00e7in haz\u0131rl\u0131klar\u0131n devam etti\u011fini, g\u00f6r\u00fc\u015fmelerin garant\u00f6rleri \u00fclkelerden de bilgi beklediklerini ifade etti.<\/p>\n<p>Astana\u2019da daha \u00f6nce Suriye konusunda 3 g\u00f6r\u00fc\u015fme turu yap\u0131lm\u0131\u015f, bu g\u00f6r\u00fc\u015fmelerde \u00f6nemli sonu\u00e7lar elde edilmi\u015fti.<\/p>\n","protected":false},"excerpt":{"rendered":"<p>ASTANA \u2013 Kazakistan D\u0131\u015fi\u015fleri Bakan\u0131 Kairat Abdrakhmanov; Suriye&#8217;deki krize siyasi \u00e7\u00f6z\u00fcm sa\u011flama amac\u0131yla \u00f6n\u00fcm\u00fczdeki ay i\u00e7inde Astana\u2019da yap\u0131lmas\u0131 beklenen Suriye konulu g\u00f6r\u00fc\u015fmelerin yeni turuna haz\u0131rl\u0131klar\u0131n devam etti\u011fini belirtti. RIA Novosti Ajans\u0131n\u0131n bug\u00fcn aktard\u0131\u011f\u0131 a\u00e7\u0131klamalar\u0131nda Abdrakhmanov; Suriye&#8217;de siyasi \u00e7\u00f6z\u00fcm\u00fcn sa\u011flanmas\u0131na \u00f6nem veren t\u00fcm taraflar\u0131 Astana g\u00f6r\u00fc\u015fmeleri ve BM \u015femsiyesi alt\u0131nda yap\u0131lan Cenevre g\u00f6r\u00fc\u015fmelerini desteklemelerine davet etti. &hellip;<\/p>\n","protected":false},"author":1,"featured_media":110928,"comment_status":"closed","ping_status":"closed","sticky":false,"template":"","format":"standard","meta":{"footnotes":""},"categories":[458,459,17988],"tags":[28937],"class_list":["post-110923","post","type-post","status-publish","format-standard","has-post-thumbnail","","category-dunya1","category-haberler-arap-uluslararasi-politika","category-son-haberler","tag-suriye-konulu-astana-gorusmelerine-hazirliklar-devam-ediyor"],"_links":{"self":[{"href":"https:\/\/archive.sana.sy\/tr\/index.php?rest_route=\/wp\/v2\/posts\/110923","targetHints":{"allow":["GET"]}}],"collection":[{"href":"https:\/\/archive.sana.sy\/tr\/index.php?rest_route=\/wp\/v2\/posts"}],"about":[{"href":"https:\/\/archive.sana.sy\/tr\/index.php?rest_route=\/wp\/v2\/types\/post"}],"author":[{"embeddable":true,"href":"https:\/\/archive.sana.sy\/tr\/index.php?rest_route=\/wp\/v2\/users\/1"}],"replies":[{"embeddable":true,"href":"https:\/\/archive.sana.sy\/tr\/index.php?rest_route=%2Fwp%2Fv2%2Fcomments&post=110923"}],"version-history":[{"count":0,"href":"https:\/\/archive.sana.sy\/tr\/index.php?rest_route=\/wp\/v2\/posts\/110923\/revisions"}],"wp:featuredmedia":[{"embeddable":true,"href":"https:\/\/archive.sana.sy\/tr\/index.php?rest_route=\/wp\/v2\/media\/110928"}],"wp:attachment":[{"href":"https:\/\/archive.sana.sy\/tr\/index.php?rest_route=%2Fwp%2Fv2%2Fmedia&parent=110923"}],"wp:term":[{"taxonomy":"category","embeddable":true,"href":"https:\/\/archive.sana.sy\/tr\/index.php?rest_route=%2Fwp%2Fv2%2Fcategories&post=110923"},{"taxonomy":"post_tag","embeddable":true,"href":"https:\/\/archive.sana.sy\/tr\/index.php?rest_route=%2Fwp%2Fv2%2Ftags&post=110923"}],"curies":[{"name":"wp","href":"https:\/\/api.w.org\/{rel}","templated":true}]}}