{"id":11093,"date":"2014-09-24T12:50:24","date_gmt":"2014-09-24T09:50:24","guid":{"rendered":"http:\/\/www.sana.sy\/tr\/?p=11093"},"modified":"2014-09-24T12:50:24","modified_gmt":"2014-09-24T09:50:24","slug":"amerika-ve-ortaklari-savas-ucaklari-isidi-hedef-almaya-devam-ediyor","status":"publish","type":"post","link":"https:\/\/archive.sana.sy\/tr\/?p=11093","title":{"rendered":"Amerika ve Ortaklar\u0131 Sava\u015f U\u00e7aklar\u0131 I\u015e\u0130D\u2019i Hedef Almaya Devam Ediyor"},"content":{"rendered":"<p>DEYREZZOR \u2013 Amerika Birle\u015fik Devletleri ve ortaklar\u0131 bug\u00fcn Al Bukamal kentindeki I\u015e\u0130D ter\u00f6r \u00f6rg\u00fct\u00fcn\u00fcn \u00fcs ve toplanma merkezlerini bir ka\u00e7 bombard\u0131manla hedef ald\u0131.<\/p>\n<p>Kentte ahali kaynaklar\u0131 SANA muhabirine a\u00e7\u0131klamas\u0131nda, bombard\u0131manlar\u0131n Sanayi B\u00f6lgesi ile kentteki ba\u015fka mevkileri hedef ald\u0131klar\u0131n\u0131, ter\u00f6ristlerin saflar\u0131ndaki hasarlar\u0131n \u015fu ana kadar bilinmedi\u011fini s\u00f6yledi.<\/p>\n<p>\u00d6te yandan SANA Halep muhabiri, Amerika ve ortaklar\u0131 sava\u015f u\u00e7aklar\u0131n\u0131n Halep kuzey k\u0131rsal\u0131ndaki Ayn Arap K\u00f6y\u00fc \u00e7evresinde bombard\u0131manlar d\u00fczenlediklerini ifade etti.<\/p>\n","protected":false},"excerpt":{"rendered":"<p>DEYREZZOR \u2013 Amerika Birle\u015fik Devletleri ve ortaklar\u0131 bug\u00fcn Al Bukamal kentindeki I\u015e\u0130D ter\u00f6r \u00f6rg\u00fct\u00fcn\u00fcn \u00fcs ve toplanma merkezlerini bir ka\u00e7 bombard\u0131manla hedef ald\u0131. Kentte ahali kaynaklar\u0131 SANA muhabirine a\u00e7\u0131klamas\u0131nda, bombard\u0131manlar\u0131n Sanayi B\u00f6lgesi ile kentteki ba\u015fka mevkileri hedef ald\u0131klar\u0131n\u0131, ter\u00f6ristlerin saflar\u0131ndaki hasarlar\u0131n \u015fu ana kadar bilinmedi\u011fini s\u00f6yledi. \u00d6te yandan SANA Halep muhabiri, Amerika ve ortaklar\u0131 sava\u015f &hellip;<\/p>\n","protected":false},"author":1,"featured_media":11094,"comment_status":"closed","ping_status":"closed","sticky":false,"template":"","format":"standard","meta":{"footnotes":""},"categories":[575,447],"tags":[2673],"class_list":["post-11093","post","type-post","status-publish","format-standard","has-post-thumbnail","","category-olaylar-ve-gercekler","category-politika","tag-amerika-ve-ortaklari-savas-ucaklari-isidi-hedef-almaya-devam-ediyor"],"_links":{"self":[{"href":"https:\/\/archive.sana.sy\/tr\/index.php?rest_route=\/wp\/v2\/posts\/11093","targetHints":{"allow":["GET"]}}],"collection":[{"href":"https:\/\/archive.sana.sy\/tr\/index.php?rest_route=\/wp\/v2\/posts"}],"about":[{"href":"https:\/\/archive.sana.sy\/tr\/index.php?rest_route=\/wp\/v2\/types\/post"}],"author":[{"embeddable":true,"href":"https:\/\/archive.sana.sy\/tr\/index.php?rest_route=\/wp\/v2\/users\/1"}],"replies":[{"embeddable":true,"href":"https:\/\/archive.sana.sy\/tr\/index.php?rest_route=%2Fwp%2Fv2%2Fcomments&post=11093"}],"version-history":[{"count":0,"href":"https:\/\/archive.sana.sy\/tr\/index.php?rest_route=\/wp\/v2\/posts\/11093\/revisions"}],"wp:featuredmedia":[{"embeddable":true,"href":"https:\/\/archive.sana.sy\/tr\/index.php?rest_route=\/wp\/v2\/media\/11094"}],"wp:attachment":[{"href":"https:\/\/archive.sana.sy\/tr\/index.php?rest_route=%2Fwp%2Fv2%2Fmedia&parent=11093"}],"wp:term":[{"taxonomy":"category","embeddable":true,"href":"https:\/\/archive.sana.sy\/tr\/index.php?rest_route=%2Fwp%2Fv2%2Fcategories&post=11093"},{"taxonomy":"post_tag","embeddable":true,"href":"https:\/\/archive.sana.sy\/tr\/index.php?rest_route=%2Fwp%2Fv2%2Ftags&post=11093"}],"curies":[{"name":"wp","href":"https:\/\/api.w.org\/{rel}","templated":true}]}}