{"id":111003,"date":"2017-04-11T08:50:49","date_gmt":"2017-04-11T05:50:49","guid":{"rendered":"http:\/\/www.sana.sy\/tr\/?p=111003"},"modified":"2017-04-11T13:39:50","modified_gmt":"2017-04-11T10:39:50","slug":"ebter-dagi-yakinlarinda-dusen-kasr-el-hallabat-bolgesinin-de-ordu-birliklerimizin-ates-kontrolune-gectigine-dikkat-ceken-kaynak-bolgenin-tamamen-kontrol-altina-alinmasi-icin-operasyonlarin-hizli-bir","status":"publish","type":"post","link":"https:\/\/archive.sana.sy\/tr\/?p=111003","title":{"rendered":"Ebter Da\u011f\u0131 yak\u0131nlar\u0131nda d\u00fc\u015fen Kasr el Hallabat B\u00f6lgesinin de ordu birliklerimizin ate\u015f kontrol\u00fcne ge\u00e7ti\u011fine dikkat \u00e7eken kaynak, b\u00f6lgenin tamamen kontrol alt\u0131na al\u0131nmas\u0131 i\u00e7in operasyonlar\u0131n h\u0131zl\u0131 bir \u015fekilde devam etti\u011fini aktard\u0131"},"content":{"rendered":"<p>Ebter Da\u011f\u0131 yak\u0131nlar\u0131nda d\u00fc\u015fen Kasr el Hallabat B\u00f6lgesinin de ordu birliklerimizin ate\u015f kontrol\u00fcne ge\u00e7ti\u011fine dikkat \u00e7eken kaynak, b\u00f6lgenin tamamen kontrol alt\u0131na al\u0131nmas\u0131 i\u00e7in operasyonlar\u0131n h\u0131zl\u0131 bir \u015fekilde devam etti\u011fini aktard\u0131<\/p>\n","protected":false},"excerpt":{"rendered":"<p>Ebter Da\u011f\u0131 yak\u0131nlar\u0131nda d\u00fc\u015fen Kasr el Hallabat B\u00f6lgesinin de ordu birliklerimizin ate\u015f kontrol\u00fcne ge\u00e7ti\u011fine dikkat \u00e7eken kaynak, b\u00f6lgenin tamamen kontrol alt\u0131na al\u0131nmas\u0131 i\u00e7in operasyonlar\u0131n h\u0131zl\u0131 bir \u015fekilde devam etti\u011fini aktard\u0131<\/p>\n","protected":false},"author":1,"featured_media":0,"comment_status":"closed","ping_status":"closed","sticky":false,"template":"","format":"standard","meta":{"footnotes":""},"categories":[17991],"tags":[],"class_list":["post-111003","post","type-post","status-publish","format-standard","","category-son-dakika"],"_links":{"self":[{"href":"https:\/\/archive.sana.sy\/tr\/index.php?rest_route=\/wp\/v2\/posts\/111003","targetHints":{"allow":["GET"]}}],"collection":[{"href":"https:\/\/archive.sana.sy\/tr\/index.php?rest_route=\/wp\/v2\/posts"}],"about":[{"href":"https:\/\/archive.sana.sy\/tr\/index.php?rest_route=\/wp\/v2\/types\/post"}],"author":[{"embeddable":true,"href":"https:\/\/archive.sana.sy\/tr\/index.php?rest_route=\/wp\/v2\/users\/1"}],"replies":[{"embeddable":true,"href":"https:\/\/archive.sana.sy\/tr\/index.php?rest_route=%2Fwp%2Fv2%2Fcomments&post=111003"}],"version-history":[{"count":0,"href":"https:\/\/archive.sana.sy\/tr\/index.php?rest_route=\/wp\/v2\/posts\/111003\/revisions"}],"wp:attachment":[{"href":"https:\/\/archive.sana.sy\/tr\/index.php?rest_route=%2Fwp%2Fv2%2Fmedia&parent=111003"}],"wp:term":[{"taxonomy":"category","embeddable":true,"href":"https:\/\/archive.sana.sy\/tr\/index.php?rest_route=%2Fwp%2Fv2%2Fcategories&post=111003"},{"taxonomy":"post_tag","embeddable":true,"href":"https:\/\/archive.sana.sy\/tr\/index.php?rest_route=%2Fwp%2Fv2%2Ftags&post=111003"}],"curies":[{"name":"wp","href":"https:\/\/api.w.org\/{rel}","templated":true}]}}