{"id":111011,"date":"2017-04-11T11:07:38","date_gmt":"2017-04-11T08:07:38","guid":{"rendered":"http:\/\/www.sana.sy\/tr\/?p=111011"},"modified":"2017-04-11T14:08:49","modified_gmt":"2017-04-11T11:08:49","slug":"askeri-kaynak-ordu-birliklerimizin-dera-beledin-muhtelif-yerlerinde-nusra-cephesi-ve-catisi-altindaki-teroristlere-yonelik-operasyonlarini-surdurduklerini-belirtirken-operasyonlarda-bir-tao","status":"publish","type":"post","link":"https:\/\/archive.sana.sy\/tr\/?p=111011","title":{"rendered":"Askeri kaynak ordu birliklerimizin Dera Beled\u2019in muhtelif yerlerinde Nusra Cephesi ve \u00e7at\u0131s\u0131 alt\u0131ndaki ter\u00f6ristlere y\u00f6nelik operasyonlar\u0131n\u0131 s\u00fcrd\u00fcrd\u00fcklerini belirtirken, operasyonlarda bir TAO ve bir havan rampas\u0131n\u0131n yan\u0131 s\u0131ra bir arac\u0131n ekipleriyle birlikte imha edildiklerini aktard\u0131"},"content":{"rendered":"<p>Askeri kaynak ordu birliklerimizin Dera Beled\u2019in muhtelif yerlerinde Nusra Cephesi ve \u00e7at\u0131s\u0131 alt\u0131ndaki ter\u00f6ristlere y\u00f6nelik operasyonlar\u0131n\u0131 s\u00fcrd\u00fcrd\u00fcklerini belirtirken, operasyonlarda bir TAO ve bir havan rampas\u0131n\u0131n yan\u0131 s\u0131ra bir arac\u0131n ekipleriyle birlikte imha edildiklerini aktard\u0131<\/p>\n","protected":false},"excerpt":{"rendered":"<p>Askeri kaynak ordu birliklerimizin Dera Beled\u2019in muhtelif yerlerinde Nusra Cephesi ve \u00e7at\u0131s\u0131 alt\u0131ndaki ter\u00f6ristlere y\u00f6nelik operasyonlar\u0131n\u0131 s\u00fcrd\u00fcrd\u00fcklerini belirtirken, operasyonlarda bir TAO ve bir havan rampas\u0131n\u0131n yan\u0131 s\u0131ra bir arac\u0131n ekipleriyle birlikte imha edildiklerini aktard\u0131<\/p>\n","protected":false},"author":1,"featured_media":0,"comment_status":"closed","ping_status":"closed","sticky":false,"template":"","format":"standard","meta":{"footnotes":""},"categories":[17991],"tags":[],"class_list":["post-111011","post","type-post","status-publish","format-standard","","category-son-dakika"],"_links":{"self":[{"href":"https:\/\/archive.sana.sy\/tr\/index.php?rest_route=\/wp\/v2\/posts\/111011","targetHints":{"allow":["GET"]}}],"collection":[{"href":"https:\/\/archive.sana.sy\/tr\/index.php?rest_route=\/wp\/v2\/posts"}],"about":[{"href":"https:\/\/archive.sana.sy\/tr\/index.php?rest_route=\/wp\/v2\/types\/post"}],"author":[{"embeddable":true,"href":"https:\/\/archive.sana.sy\/tr\/index.php?rest_route=\/wp\/v2\/users\/1"}],"replies":[{"embeddable":true,"href":"https:\/\/archive.sana.sy\/tr\/index.php?rest_route=%2Fwp%2Fv2%2Fcomments&post=111011"}],"version-history":[{"count":0,"href":"https:\/\/archive.sana.sy\/tr\/index.php?rest_route=\/wp\/v2\/posts\/111011\/revisions"}],"wp:attachment":[{"href":"https:\/\/archive.sana.sy\/tr\/index.php?rest_route=%2Fwp%2Fv2%2Fmedia&parent=111011"}],"wp:term":[{"taxonomy":"category","embeddable":true,"href":"https:\/\/archive.sana.sy\/tr\/index.php?rest_route=%2Fwp%2Fv2%2Fcategories&post=111011"},{"taxonomy":"post_tag","embeddable":true,"href":"https:\/\/archive.sana.sy\/tr\/index.php?rest_route=%2Fwp%2Fv2%2Ftags&post=111011"}],"curies":[{"name":"wp","href":"https:\/\/api.w.org\/{rel}","templated":true}]}}