{"id":111012,"date":"2017-04-11T11:11:39","date_gmt":"2017-04-11T08:11:39","guid":{"rendered":"http:\/\/www.sana.sy\/tr\/?p=111012"},"modified":"2017-04-11T14:09:13","modified_gmt":"2017-04-11T11:09:13","slug":"kaynak-oldurulen-azili-teroristlerin-arasinda-tevhit-tumeni-adiyla-bilinen-cetelere-tabi-bir-teror-grubun-elebasi-muhammed-cemal-hendavi-el-mesalime-ve-bunyan-el-marsus-oper","status":"publish","type":"post","link":"https:\/\/archive.sana.sy\/tr\/?p=111012","title":{"rendered":"Kaynak \u00f6ld\u00fcr\u00fclen az\u0131l\u0131 ter\u00f6ristlerin aras\u0131nda \u2018Tevhit T\u00fcmeni\u2019 ad\u0131yla bilinen \u00e7etelere tabi bir ter\u00f6r grubun eleba\u015f\u0131 Muhammed Cemal Hendavi el Mesalime ve \u2018B\u00fcnyan el Marsus Operasyon Odas\u0131\u2019 adl\u0131 ter\u00f6r olu\u015fumunun bariz bir saha komutan\u0131 olan \u2018Ebu M\u00fcslim\u2019 lakapl\u0131 Ra\u015fit Eba Zeyd\u2019in bulunduklar\u0131na dikkat \u00e7ekti"},"content":{"rendered":"<p>Kaynak \u00f6ld\u00fcr\u00fclen az\u0131l\u0131 ter\u00f6ristlerin aras\u0131nda \u2018Tevhit T\u00fcmeni\u2019 ad\u0131yla bilinen \u00e7etelere tabi bir ter\u00f6r grubun eleba\u015f\u0131 Muhammed Cemal Hendavi el Mesalime ve \u2018B\u00fcnyan el Marsus Operasyon Odas\u0131\u2019 adl\u0131 ter\u00f6r olu\u015fumunun bariz bir saha komutan\u0131 olan \u2018Ebu M\u00fcslim\u2019 lakapl\u0131 Ra\u015fit Eba Zeyd\u2019in bulunduklar\u0131na dikkat \u00e7ekti<\/p>\n","protected":false},"excerpt":{"rendered":"<p>Kaynak \u00f6ld\u00fcr\u00fclen az\u0131l\u0131 ter\u00f6ristlerin aras\u0131nda \u2018Tevhit T\u00fcmeni\u2019 ad\u0131yla bilinen \u00e7etelere tabi bir ter\u00f6r grubun eleba\u015f\u0131 Muhammed Cemal Hendavi el Mesalime ve \u2018B\u00fcnyan el Marsus Operasyon Odas\u0131\u2019 adl\u0131 ter\u00f6r olu\u015fumunun bariz bir saha komutan\u0131 olan \u2018Ebu M\u00fcslim\u2019 lakapl\u0131 Ra\u015fit Eba Zeyd\u2019in bulunduklar\u0131na dikkat \u00e7ekti<\/p>\n","protected":false},"author":1,"featured_media":0,"comment_status":"closed","ping_status":"closed","sticky":false,"template":"","format":"standard","meta":{"footnotes":""},"categories":[17991],"tags":[],"class_list":["post-111012","post","type-post","status-publish","format-standard","","category-son-dakika"],"_links":{"self":[{"href":"https:\/\/archive.sana.sy\/tr\/index.php?rest_route=\/wp\/v2\/posts\/111012","targetHints":{"allow":["GET"]}}],"collection":[{"href":"https:\/\/archive.sana.sy\/tr\/index.php?rest_route=\/wp\/v2\/posts"}],"about":[{"href":"https:\/\/archive.sana.sy\/tr\/index.php?rest_route=\/wp\/v2\/types\/post"}],"author":[{"embeddable":true,"href":"https:\/\/archive.sana.sy\/tr\/index.php?rest_route=\/wp\/v2\/users\/1"}],"replies":[{"embeddable":true,"href":"https:\/\/archive.sana.sy\/tr\/index.php?rest_route=%2Fwp%2Fv2%2Fcomments&post=111012"}],"version-history":[{"count":0,"href":"https:\/\/archive.sana.sy\/tr\/index.php?rest_route=\/wp\/v2\/posts\/111012\/revisions"}],"wp:attachment":[{"href":"https:\/\/archive.sana.sy\/tr\/index.php?rest_route=%2Fwp%2Fv2%2Fmedia&parent=111012"}],"wp:term":[{"taxonomy":"category","embeddable":true,"href":"https:\/\/archive.sana.sy\/tr\/index.php?rest_route=%2Fwp%2Fv2%2Fcategories&post=111012"},{"taxonomy":"post_tag","embeddable":true,"href":"https:\/\/archive.sana.sy\/tr\/index.php?rest_route=%2Fwp%2Fv2%2Ftags&post=111012"}],"curies":[{"name":"wp","href":"https:\/\/api.w.org\/{rel}","templated":true}]}}