{"id":111018,"date":"2017-04-11T11:46:03","date_gmt":"2017-04-11T08:46:03","guid":{"rendered":"http:\/\/www.sana.sy\/tr\/?p=111018"},"modified":"2017-04-11T14:15:38","modified_gmt":"2017-04-11T11:15:38","slug":"ordu-birliklerimizin-deyrezzor-kentinin-muvazzafin-ve-cbeyle-semtlerine-ilaveten-137-alay-civari-ve-kentin-guneybati-kenarlarinda-isid-mevkileri-ve-hareketlenmelerini-yogun-atese-tuttuklarini-aktaran","status":"publish","type":"post","link":"https:\/\/archive.sana.sy\/tr\/?p=111018","title":{"rendered":"Ordu birliklerimizin Deyrezzor Kentinin Muvazzafin ve Cbeyle semtlerine ilaveten 137. Alay civar\u0131 ve kentin g\u00fcneybat\u0131 kenarlar\u0131nda I\u015e\u0130D mevkileri ve hareketlenmelerini yo\u011fun ate\u015fe tuttuklar\u0131n\u0131 aktaran kaynak, burada da \u00e7ok say\u0131da tekfirci ter\u00f6ristin ekipmanlar\u0131yla birlikte etkisiz hale getirildiklerini s\u00f6yledi"},"content":{"rendered":"<p>Ordu birliklerimizin Deyrezzor Kentinin Muvazzafin ve Cbeyle semtlerine ilaveten 137. Alay civar\u0131 ve kentin g\u00fcneybat\u0131 kenarlar\u0131nda I\u015e\u0130D mevkileri ve hareketlenmelerini yo\u011fun ate\u015fe tuttuklar\u0131n\u0131 aktaran kaynak, burada da \u00e7ok say\u0131da tekfirci ter\u00f6ristin ekipmanlar\u0131yla birlikte etkisiz hale getirildiklerini s\u00f6yledi<\/p>\n","protected":false},"excerpt":{"rendered":"<p>Ordu birliklerimizin Deyrezzor Kentinin Muvazzafin ve Cbeyle semtlerine ilaveten 137. Alay civar\u0131 ve kentin g\u00fcneybat\u0131 kenarlar\u0131nda I\u015e\u0130D mevkileri ve hareketlenmelerini yo\u011fun ate\u015fe tuttuklar\u0131n\u0131 aktaran kaynak, burada da \u00e7ok say\u0131da tekfirci ter\u00f6ristin ekipmanlar\u0131yla birlikte etkisiz hale getirildiklerini s\u00f6yledi<\/p>\n","protected":false},"author":1,"featured_media":0,"comment_status":"closed","ping_status":"closed","sticky":false,"template":"","format":"standard","meta":{"footnotes":""},"categories":[17991],"tags":[],"class_list":["post-111018","post","type-post","status-publish","format-standard","","category-son-dakika"],"_links":{"self":[{"href":"https:\/\/archive.sana.sy\/tr\/index.php?rest_route=\/wp\/v2\/posts\/111018","targetHints":{"allow":["GET"]}}],"collection":[{"href":"https:\/\/archive.sana.sy\/tr\/index.php?rest_route=\/wp\/v2\/posts"}],"about":[{"href":"https:\/\/archive.sana.sy\/tr\/index.php?rest_route=\/wp\/v2\/types\/post"}],"author":[{"embeddable":true,"href":"https:\/\/archive.sana.sy\/tr\/index.php?rest_route=\/wp\/v2\/users\/1"}],"replies":[{"embeddable":true,"href":"https:\/\/archive.sana.sy\/tr\/index.php?rest_route=%2Fwp%2Fv2%2Fcomments&post=111018"}],"version-history":[{"count":0,"href":"https:\/\/archive.sana.sy\/tr\/index.php?rest_route=\/wp\/v2\/posts\/111018\/revisions"}],"wp:attachment":[{"href":"https:\/\/archive.sana.sy\/tr\/index.php?rest_route=%2Fwp%2Fv2%2Fmedia&parent=111018"}],"wp:term":[{"taxonomy":"category","embeddable":true,"href":"https:\/\/archive.sana.sy\/tr\/index.php?rest_route=%2Fwp%2Fv2%2Fcategories&post=111018"},{"taxonomy":"post_tag","embeddable":true,"href":"https:\/\/archive.sana.sy\/tr\/index.php?rest_route=%2Fwp%2Fv2%2Ftags&post=111018"}],"curies":[{"name":"wp","href":"https:\/\/api.w.org\/{rel}","templated":true}]}}