{"id":111023,"date":"2017-04-11T11:00:04","date_gmt":"2017-04-11T08:00:04","guid":{"rendered":"http:\/\/www.sana.sy\/tr\/?p=111023"},"modified":"2017-04-12T12:57:57","modified_gmt":"2017-04-12T09:57:57","slug":"tuk-gelismelere-haziriz","status":"publish","type":"post","link":"https:\/\/archive.sana.sy\/tr\/?p=111023","title":{"rendered":"T\u00fcm Geli\u015fmelere Haz\u0131r\u0131z"},"content":{"rendered":"<p>MOSKOVA \u2013 Rusya D\u0131\u015fi\u015fleri Bakanl\u0131\u011f\u0131; Rusya&#8217;n\u0131n, ter\u00f6rle m\u00fccadelede ABD ile i\u015fbirli\u011fine haz\u0131r olmas\u0131n\u0131n yan\u0131 s\u0131ra her t\u00fcrl\u00fc geli\u015fmeye y\u00f6n\u00fcnde de gerekeni yapmaya haz\u0131r odlu\u011funu belirtti.<\/p>\n<p>Rus bakanl\u0131k ABD D\u0131\u015fi\u015fleri Bakan\u0131 Rex Tillerson\u2019un Moskova&#8217;ya ziyareti g\u00f6lgesinde yay\u0131nlad\u0131\u011f\u0131 beyanda; ABD\u2019nin Suriye&#8217;ye bulundu\u011fu sald\u0131r\u0131n\u0131n, uluslar aras\u0131 kanunlara ayk\u0131r\u0131 oldu\u011funu, BM\u2019de \u00fcye bir devletin egemenli\u011fine sald\u0131r\u0131 niteli\u011fi ta\u015f\u0131d\u0131\u011f\u0131n\u0131 ve ter\u00f6re deste\u011fe yol a\u00e7t\u0131\u011f\u0131n\u0131 vurgulad\u0131.<\/p>\n","protected":false},"excerpt":{"rendered":"<p>MOSKOVA \u2013 Rusya D\u0131\u015fi\u015fleri Bakanl\u0131\u011f\u0131; Rusya&#8217;n\u0131n, ter\u00f6rle m\u00fccadelede ABD ile i\u015fbirli\u011fine haz\u0131r olmas\u0131n\u0131n yan\u0131 s\u0131ra her t\u00fcrl\u00fc geli\u015fmeye y\u00f6n\u00fcnde de gerekeni yapmaya haz\u0131r odlu\u011funu belirtti. Rus bakanl\u0131k ABD D\u0131\u015fi\u015fleri Bakan\u0131 Rex Tillerson\u2019un Moskova&#8217;ya ziyareti g\u00f6lgesinde yay\u0131nlad\u0131\u011f\u0131 beyanda; ABD\u2019nin Suriye&#8217;ye bulundu\u011fu sald\u0131r\u0131n\u0131n, uluslar aras\u0131 kanunlara ayk\u0131r\u0131 oldu\u011funu, BM\u2019de \u00fcye bir devletin egemenli\u011fine sald\u0131r\u0131 niteli\u011fi ta\u015f\u0131d\u0131\u011f\u0131n\u0131 ve &hellip;<\/p>\n","protected":false},"author":1,"featured_media":97998,"comment_status":"closed","ping_status":"closed","sticky":false,"template":"","format":"standard","meta":{"footnotes":""},"categories":[458,459,17988],"tags":[],"class_list":["post-111023","post","type-post","status-publish","format-standard","has-post-thumbnail","","category-dunya1","category-haberler-arap-uluslararasi-politika","category-son-haberler"],"_links":{"self":[{"href":"https:\/\/archive.sana.sy\/tr\/index.php?rest_route=\/wp\/v2\/posts\/111023","targetHints":{"allow":["GET"]}}],"collection":[{"href":"https:\/\/archive.sana.sy\/tr\/index.php?rest_route=\/wp\/v2\/posts"}],"about":[{"href":"https:\/\/archive.sana.sy\/tr\/index.php?rest_route=\/wp\/v2\/types\/post"}],"author":[{"embeddable":true,"href":"https:\/\/archive.sana.sy\/tr\/index.php?rest_route=\/wp\/v2\/users\/1"}],"replies":[{"embeddable":true,"href":"https:\/\/archive.sana.sy\/tr\/index.php?rest_route=%2Fwp%2Fv2%2Fcomments&post=111023"}],"version-history":[{"count":0,"href":"https:\/\/archive.sana.sy\/tr\/index.php?rest_route=\/wp\/v2\/posts\/111023\/revisions"}],"wp:featuredmedia":[{"embeddable":true,"href":"https:\/\/archive.sana.sy\/tr\/index.php?rest_route=\/wp\/v2\/media\/97998"}],"wp:attachment":[{"href":"https:\/\/archive.sana.sy\/tr\/index.php?rest_route=%2Fwp%2Fv2%2Fmedia&parent=111023"}],"wp:term":[{"taxonomy":"category","embeddable":true,"href":"https:\/\/archive.sana.sy\/tr\/index.php?rest_route=%2Fwp%2Fv2%2Fcategories&post=111023"},{"taxonomy":"post_tag","embeddable":true,"href":"https:\/\/archive.sana.sy\/tr\/index.php?rest_route=%2Fwp%2Fv2%2Ftags&post=111023"}],"curies":[{"name":"wp","href":"https:\/\/api.w.org\/{rel}","templated":true}]}}