{"id":111033,"date":"2017-04-11T17:08:54","date_gmt":"2017-04-11T14:08:54","guid":{"rendered":"http:\/\/www.sana.sy\/tr\/?p=111033"},"modified":"2017-04-12T12:57:22","modified_gmt":"2017-04-12T09:57:22","slug":"suriye-belarus-ortak-calisma-komitesini-etkinlestirme-amacli-bir-ziyaret","status":"publish","type":"post","link":"https:\/\/archive.sana.sy\/tr\/?p=111033","title":{"rendered":"Suriye Belarus Ortak \u00c7al\u0131\u015fma Komitesini Etkinle\u015ftirme Ama\u00e7l\u0131 Bir Ziyaret"},"content":{"rendered":"<p>\u015eAM \u2013 Ekonomi ve D\u0131\u015f Ticaret Bakan\u0131 Muhammed Samir Halil bug\u00fcn Belarus Sanayi Bakan\u0131 ve Suriye Belarus Ekonomi Ticari ve Teknik \u0130\u015fbirli\u011fi Ortak Komitesi ba\u015fkan\u0131 Vitali Vovk ve ona e\u015flik eden heyet ile iki dost \u00fclke aras\u0131nda ekonomi ve ticari ili\u015fkileri geli\u015ftirme olanaklar\u0131n\u0131 masaya yat\u0131rd\u0131.<\/p>\n<p>G\u00f6r\u00fc\u015fmede Bakan Halil; iki \u00fclke aras\u0131nda sa\u011flanan anla\u015fmalar kapsam\u0131nda ortak yat\u0131r\u0131m projelerinin hayata ge\u00e7irilmesi alan\u0131n\u0131n geni\u015fletilmesi ve bu y\u00f6nde at\u0131lan pratik ad\u0131mlar\u0131n tamamlanmas\u0131 \u00f6nemine dikkat \u00e7ekti.<\/p>\n<p>Bakan Halil; Belarus\u2019un Suriye&#8217;deki yat\u0131r\u0131m alanlar\u0131n\u0131 geni\u015fletme olanaklar\u0131na dikkat \u00e7ekerken, kamu kurumlar\u0131 ile de bir dizi projeyi hayata ge\u00e7irebilece\u011fini ifade etti.<\/p>\n<p>\u0130ki \u00fclke aras\u0131nda i\u015fbirli\u011fi ve ortak yat\u0131r\u0131m alanlar\u0131na \u0131\u015f\u0131k tutan bir sunum takdim eden Bakan Halil; Suriye&#8217;nin Belarus\u2019a ihra\u00e7 edece\u011fi \u00fcr\u00fcnler ve fiyatlar\u0131 hakk\u0131nda bilgi verdi.<\/p>\n<p>Bakan Halil; \u00f6n\u00fcm\u00fczdeki A\u011fustos ay\u0131nda d\u00fczenlenmesi beklenen ve b\u00f6lgenin en eski ve en b\u00fcy\u00fck fuarlar\u0131ndan biri say\u0131lan 59. Uluslararas\u0131 \u015eam Fuar\u0131na kat\u0131lmaya davet etti.<\/p>\n<p>Suriye&#8217;nin Belarus ile \u00f6zellikle a\u011f\u0131r sanayi ve yeniden yap\u0131land\u0131rma alan\u0131nda ortak \u00e7al\u0131\u015fmalarda bulunabilece\u011fini belirten Bakan Halil; bunun i\u00e7in iki taraf\u0131n da arzusu bulundu\u011funu kaydetti.<\/p>\n<p>Konuk bakan Vovk; muhtelif alanlarda ikili i\u015fbirli\u011fini peki\u015ftirme ama\u00e7l\u0131 bu ziyaretinde ayr\u0131ca; iki \u00fclke aras\u0131nda kurulan komitenin rol ve faaliyetlerini etkinle\u015ftirmeyi de hedefledi\u011fini a\u00e7\u0131klad\u0131.<\/p>\n","protected":false},"excerpt":{"rendered":"<p>\u015eAM \u2013 Ekonomi ve D\u0131\u015f Ticaret Bakan\u0131 Muhammed Samir Halil bug\u00fcn Belarus Sanayi Bakan\u0131 ve Suriye Belarus Ekonomi Ticari ve Teknik \u0130\u015fbirli\u011fi Ortak Komitesi ba\u015fkan\u0131 Vitali Vovk ve ona e\u015flik eden heyet ile iki dost \u00fclke aras\u0131nda ekonomi ve ticari ili\u015fkileri geli\u015ftirme olanaklar\u0131n\u0131 masaya yat\u0131rd\u0131. G\u00f6r\u00fc\u015fmede Bakan Halil; iki \u00fclke aras\u0131nda sa\u011flanan anla\u015fmalar kapsam\u0131nda ortak &hellip;<\/p>\n","protected":false},"author":1,"featured_media":111038,"comment_status":"closed","ping_status":"closed","sticky":false,"template":"","format":"standard","meta":{"footnotes":""},"categories":[485,486,17988],"tags":[27661,8825,28956,6510,18421,10977,28955,28957,28958],"class_list":["post-111033","post","type-post","status-publish","format-standard","has-post-thumbnail","","category-is-ve-sermaye","category-haberler-is-ve-sermaye","category-son-haberler","tag-agir-sanayi","tag-belarus","tag-belarus-sanayi-bakani","tag-ekonomi-2","tag-ekonomi-bakani","tag-ekonomi-ve-dis-ticaret-bakani","tag-muhammed-samir-halil","tag-suriye-belarus-ekonomi-ticari-ve-teknik-isbirligi-ortak-komitesi-baskani","tag-vitali-vovk"],"_links":{"self":[{"href":"https:\/\/archive.sana.sy\/tr\/index.php?rest_route=\/wp\/v2\/posts\/111033","targetHints":{"allow":["GET"]}}],"collection":[{"href":"https:\/\/archive.sana.sy\/tr\/index.php?rest_route=\/wp\/v2\/posts"}],"about":[{"href":"https:\/\/archive.sana.sy\/tr\/index.php?rest_route=\/wp\/v2\/types\/post"}],"author":[{"embeddable":true,"href":"https:\/\/archive.sana.sy\/tr\/index.php?rest_route=\/wp\/v2\/users\/1"}],"replies":[{"embeddable":true,"href":"https:\/\/archive.sana.sy\/tr\/index.php?rest_route=%2Fwp%2Fv2%2Fcomments&post=111033"}],"version-history":[{"count":0,"href":"https:\/\/archive.sana.sy\/tr\/index.php?rest_route=\/wp\/v2\/posts\/111033\/revisions"}],"wp:featuredmedia":[{"embeddable":true,"href":"https:\/\/archive.sana.sy\/tr\/index.php?rest_route=\/wp\/v2\/media\/111038"}],"wp:attachment":[{"href":"https:\/\/archive.sana.sy\/tr\/index.php?rest_route=%2Fwp%2Fv2%2Fmedia&parent=111033"}],"wp:term":[{"taxonomy":"category","embeddable":true,"href":"https:\/\/archive.sana.sy\/tr\/index.php?rest_route=%2Fwp%2Fv2%2Fcategories&post=111033"},{"taxonomy":"post_tag","embeddable":true,"href":"https:\/\/archive.sana.sy\/tr\/index.php?rest_route=%2Fwp%2Fv2%2Ftags&post=111033"}],"curies":[{"name":"wp","href":"https:\/\/api.w.org\/{rel}","templated":true}]}}