{"id":111044,"date":"2017-04-11T11:00:09","date_gmt":"2017-04-11T08:00:09","guid":{"rendered":"http:\/\/www.sana.sy\/tr\/?p=111044"},"modified":"2017-04-12T12:57:51","modified_gmt":"2017-04-12T09:57:51","slug":"3-disisleri-bakani-moskovada-gorusecek","status":"publish","type":"post","link":"https:\/\/archive.sana.sy\/tr\/?p=111044","title":{"rendered":"3 D\u0131\u015fi\u015fleri Bakan\u0131 Moskova\u2019da G\u00f6r\u00fc\u015fecek"},"content":{"rendered":"<p>MOSKOVA \u2013 Rusya D\u0131\u015fi\u015fleri Bakanl\u0131\u011f\u0131 S\u00f6zc\u00fcs\u00fc Mariya Zakharova, Rusya, Suriye ve \u0130ran d\u0131\u015fi\u015fleri bakanlar\u0131n\u0131n bu hafta sonunda Moskova&#8217;da \u00fc\u00e7l\u00fc g\u00f6r\u00fc\u015fme yapacaklar\u0131n\u0131 belirtti.<\/p>\n<p>Sputnik&#8217;e konu\u015fan konu\u015fan Zakharova, Rusya D\u0131\u015fi\u015fleri Bakan\u0131 Sergey Lavrov, Suriye D\u0131\u015fi\u015fleri Ba\u015fbakan Yard\u0131mc\u0131s\u0131 D\u0131\u015fi\u015fleri ve Gurbet\u00e7iler Bakan\u0131 Velid Muallim ve \u0130ran D\u0131\u015fi\u015fleri Bakan\u0131 Muhammed Cevad Zarif&#8217;in bu hafta sonlar\u0131nda Moskova\u2019da \u00fc\u00e7l\u00fc g\u00f6r\u00fc\u015fme yapmalar\u0131 beklendi\u011fini a\u00e7\u0131klad\u0131.<\/p>\n<p>Daha \u00f6nce Sputnik&#8217;e konu\u015fan kaynaklar, Muallim ve Zarif&#8217;in 14 Nisan&#8217;da Moskova&#8217;y\u0131 ziyaret edece\u011fini belirtmi\u015fti.<\/p>\n<p>Suriye&#8217;nin Moskova B\u00fcy\u00fckel\u00e7isi Riyad Haddad, \u0130dlib ve Humus&#8217;ta ya\u015fanan geli\u015fmelerin ard\u0131ndan Muallim&#8217;in Moskova&#8217;y\u0131 ziyaret etmek gibi bir plan\u0131n\u0131n olup olmad\u0131\u011f\u0131 sorusu kar\u015f\u0131s\u0131nda, &#8220;Muallim&#8217;in, son geli\u015fmeler nedeniyle \u00e7ok yak\u0131n bir zamanda Moskova&#8217;y\u0131 ziyaret edebilece\u011fini s\u00f6yleyebilirim&#8221; demi\u015fti.<\/p>\n","protected":false},"excerpt":{"rendered":"<p>MOSKOVA \u2013 Rusya D\u0131\u015fi\u015fleri Bakanl\u0131\u011f\u0131 S\u00f6zc\u00fcs\u00fc Mariya Zakharova, Rusya, Suriye ve \u0130ran d\u0131\u015fi\u015fleri bakanlar\u0131n\u0131n bu hafta sonunda Moskova&#8217;da \u00fc\u00e7l\u00fc g\u00f6r\u00fc\u015fme yapacaklar\u0131n\u0131 belirtti. Sputnik&#8217;e konu\u015fan konu\u015fan Zakharova, Rusya D\u0131\u015fi\u015fleri Bakan\u0131 Sergey Lavrov, Suriye D\u0131\u015fi\u015fleri Ba\u015fbakan Yard\u0131mc\u0131s\u0131 D\u0131\u015fi\u015fleri ve Gurbet\u00e7iler Bakan\u0131 Velid Muallim ve \u0130ran D\u0131\u015fi\u015fleri Bakan\u0131 Muhammed Cevad Zarif&#8217;in bu hafta sonlar\u0131nda Moskova\u2019da \u00fc\u00e7l\u00fc g\u00f6r\u00fc\u015fme yapmalar\u0131 &hellip;<\/p>\n","protected":false},"author":1,"featured_media":111045,"comment_status":"closed","ping_status":"closed","sticky":false,"template":"","format":"standard","meta":{"footnotes":""},"categories":[458,459,17988],"tags":[17145,17148,3846,28964,17051],"class_list":["post-111044","post","type-post","status-publish","format-standard","has-post-thumbnail","","category-dunya1","category-haberler-arap-uluslararasi-politika","category-son-haberler","tag-maria-zakharova","tag-muhammed-cevat-zarif","tag-sergey-lavrov","tag-suriye-iran-rusya","tag-velid-muallim"],"_links":{"self":[{"href":"https:\/\/archive.sana.sy\/tr\/index.php?rest_route=\/wp\/v2\/posts\/111044","targetHints":{"allow":["GET"]}}],"collection":[{"href":"https:\/\/archive.sana.sy\/tr\/index.php?rest_route=\/wp\/v2\/posts"}],"about":[{"href":"https:\/\/archive.sana.sy\/tr\/index.php?rest_route=\/wp\/v2\/types\/post"}],"author":[{"embeddable":true,"href":"https:\/\/archive.sana.sy\/tr\/index.php?rest_route=\/wp\/v2\/users\/1"}],"replies":[{"embeddable":true,"href":"https:\/\/archive.sana.sy\/tr\/index.php?rest_route=%2Fwp%2Fv2%2Fcomments&post=111044"}],"version-history":[{"count":0,"href":"https:\/\/archive.sana.sy\/tr\/index.php?rest_route=\/wp\/v2\/posts\/111044\/revisions"}],"wp:featuredmedia":[{"embeddable":true,"href":"https:\/\/archive.sana.sy\/tr\/index.php?rest_route=\/wp\/v2\/media\/111045"}],"wp:attachment":[{"href":"https:\/\/archive.sana.sy\/tr\/index.php?rest_route=%2Fwp%2Fv2%2Fmedia&parent=111044"}],"wp:term":[{"taxonomy":"category","embeddable":true,"href":"https:\/\/archive.sana.sy\/tr\/index.php?rest_route=%2Fwp%2Fv2%2Fcategories&post=111044"},{"taxonomy":"post_tag","embeddable":true,"href":"https:\/\/archive.sana.sy\/tr\/index.php?rest_route=%2Fwp%2Fv2%2Ftags&post=111044"}],"curies":[{"name":"wp","href":"https:\/\/api.w.org\/{rel}","templated":true}]}}