{"id":111061,"date":"2017-04-11T21:15:27","date_gmt":"2017-04-11T18:15:27","guid":{"rendered":"http:\/\/www.sana.sy\/tr\/?p=111061"},"modified":"2017-04-12T13:17:34","modified_gmt":"2017-04-12T10:17:34","slug":"abd-saldirisina-protesto-eylemleri-devam-ediyor","status":"publish","type":"post","link":"https:\/\/archive.sana.sy\/tr\/?p=111061","title":{"rendered":"ABD Sald\u0131r\u0131s\u0131na Protesto Eylemleri Devam Ediyor (video)"},"content":{"rendered":"<p>BA\u015eKENTLER \u2013 Yurtd\u0131\u015f\u0131nda ya\u015fayan Suriyeli gurbet\u00e7ilerimizin ter\u00f6r sald\u0131r\u0131lar\u0131na maruz kalan anavatanlar\u0131 ile dayan\u0131\u015fma ve bu ter\u00f6r\u00fc destekleyen ABD\u2019nin son olarak Suriye&#8217;ye bulundu\u011fu sald\u0131r\u0131y\u0131 k\u0131nama amac\u0131yla g\u00f6sterileri devam ediyor.<\/p>\n<p>Bulgaristan\u2019da ya\u015fayan Suriyeli gurbet\u00e7iler, Suriye \u00d6\u011frenciler Birli\u011fi \u015fubesinin organizasyonunda ba\u015fkent Sofya\u2019da ABD b\u00fcy\u00fckel\u00e7ili\u011fi \u00f6n\u00fcnde toplanarak, ter\u00f6r\u00fc destekleyen ABD idaresinin Suriye halk\u0131na d\u00fc\u015fmanc\u0131 tutumu ve Suriye ordusuna sald\u0131r\u0131lar\u0131n\u0131 k\u0131nad\u0131.<\/p>\n<p>Bulgar parlamenter ve vatanda\u015flar\u0131n kat\u0131ld\u0131klar\u0131 g\u00f6steride; \u2018ABD D\u00fcnyan\u0131n Ter\u00f6r Devletidir\u2019 ve \u2018Elinizi Suriye&#8217;den \u00c7ekin\u2019 yaz\u0131l\u0131 pankartlar ta\u015f\u0131rken, Suriye ve ter\u00f6rle m\u00fccadele eden Suriye ordusu ile dayan\u0131\u015fma sloganlar\u0131 att\u0131lar. G\u00f6steri Suriye ulusal mar\u015f\u0131 ile ba\u015flarken, kat\u0131l\u0131mc\u0131lar bas\u0131n bildirisi okudular.<\/p>\n<p>Macaristan\u2019\u0131n ba\u015fkenti Budape\u015fte\u2019de de Suriye \u00d6\u011frenciler Birli\u011fi \u015fubesi, Macaristan Bar\u0131\u015f Derne\u011fi ve Suriye \u0130\u00e7in Forumunun organizasyonunda yine ABD b\u00fcy\u00fckel\u00e7ili\u011fi \u00f6n\u00fcnde benzer bir g\u00f6steri d\u00fczenlendi.<\/p>\n<p>G\u00f6steri kat\u0131l\u0131mc\u0131lar\u0131 Suriye halk\u0131 ve \u015fanl\u0131 ordusunun, ABD komutas\u0131ndaki uluslar aras\u0131 ter\u00f6re kar\u015f\u0131 m\u00fccadele ettiklerine dikkat \u00e7ekildi.<\/p>\n<p>https:\/\/www.youtube.com\/watch?v=9bio0kAmXTg<\/p>\n","protected":false},"excerpt":{"rendered":"<p>BA\u015eKENTLER \u2013 Yurtd\u0131\u015f\u0131nda ya\u015fayan Suriyeli gurbet\u00e7ilerimizin ter\u00f6r sald\u0131r\u0131lar\u0131na maruz kalan anavatanlar\u0131 ile dayan\u0131\u015fma ve bu ter\u00f6r\u00fc destekleyen ABD\u2019nin son olarak Suriye&#8217;ye bulundu\u011fu sald\u0131r\u0131y\u0131 k\u0131nama amac\u0131yla g\u00f6sterileri devam ediyor. Bulgaristan\u2019da ya\u015fayan Suriyeli gurbet\u00e7iler, Suriye \u00d6\u011frenciler Birli\u011fi \u015fubesinin organizasyonunda ba\u015fkent Sofya\u2019da ABD b\u00fcy\u00fckel\u00e7ili\u011fi \u00f6n\u00fcnde toplanarak, ter\u00f6r\u00fc destekleyen ABD idaresinin Suriye halk\u0131na d\u00fc\u015fmanc\u0131 tutumu ve Suriye ordusuna sald\u0131r\u0131lar\u0131n\u0131 &hellip;<\/p>\n","protected":false},"author":1,"featured_media":111065,"comment_status":"closed","ping_status":"closed","sticky":false,"template":"","format":"standard","meta":{"footnotes":""},"categories":[458,459,17988],"tags":[28971,28970,23999,21579,25594,18574,28972],"class_list":["post-111061","post","type-post","status-publish","format-standard","has-post-thumbnail","","category-dunya1","category-haberler-arap-uluslararasi-politika","category-son-haberler","tag-abd-buyukelciligi","tag-abd-saldirisina-protesto-eylemleri-devam-ediyor","tag-abdnin-suriyeye-saldirisi","tag-ogrenci-birligi","tag-suriye-ile-dayanisma","tag-suriye-krizi","tag-suriyeliler-suriyeli-gurbetciler"],"_links":{"self":[{"href":"https:\/\/archive.sana.sy\/tr\/index.php?rest_route=\/wp\/v2\/posts\/111061","targetHints":{"allow":["GET"]}}],"collection":[{"href":"https:\/\/archive.sana.sy\/tr\/index.php?rest_route=\/wp\/v2\/posts"}],"about":[{"href":"https:\/\/archive.sana.sy\/tr\/index.php?rest_route=\/wp\/v2\/types\/post"}],"author":[{"embeddable":true,"href":"https:\/\/archive.sana.sy\/tr\/index.php?rest_route=\/wp\/v2\/users\/1"}],"replies":[{"embeddable":true,"href":"https:\/\/archive.sana.sy\/tr\/index.php?rest_route=%2Fwp%2Fv2%2Fcomments&post=111061"}],"version-history":[{"count":0,"href":"https:\/\/archive.sana.sy\/tr\/index.php?rest_route=\/wp\/v2\/posts\/111061\/revisions"}],"wp:featuredmedia":[{"embeddable":true,"href":"https:\/\/archive.sana.sy\/tr\/index.php?rest_route=\/wp\/v2\/media\/111065"}],"wp:attachment":[{"href":"https:\/\/archive.sana.sy\/tr\/index.php?rest_route=%2Fwp%2Fv2%2Fmedia&parent=111061"}],"wp:term":[{"taxonomy":"category","embeddable":true,"href":"https:\/\/archive.sana.sy\/tr\/index.php?rest_route=%2Fwp%2Fv2%2Fcategories&post=111061"},{"taxonomy":"post_tag","embeddable":true,"href":"https:\/\/archive.sana.sy\/tr\/index.php?rest_route=%2Fwp%2Fv2%2Ftags&post=111061"}],"curies":[{"name":"wp","href":"https:\/\/api.w.org\/{rel}","templated":true}]}}