{"id":111097,"date":"2017-04-12T11:25:57","date_gmt":"2017-04-12T08:25:57","guid":{"rendered":"http:\/\/www.sana.sy\/tr\/?p=111097"},"modified":"2017-04-12T15:23:33","modified_gmt":"2017-04-12T12:23:33","slug":"kaynak-operasyonda-tekfirci-teror-orgutun-bir-siper-mevkiinin-icinde-bulunan-7-teroristle-birlikte-tamamen-imha-edildiklerini-soyledi","status":"publish","type":"post","link":"https:\/\/archive.sana.sy\/tr\/?p=111097","title":{"rendered":"Kaynak operasyonda tekfirci ter\u00f6r \u00f6rg\u00fct\u00fcn bir siper mevkiinin i\u00e7inde bulunan 7 ter\u00f6ristle birlikte tamamen imha edildiklerini s\u00f6yledi."},"content":{"rendered":"<p>Kaynak operasyonda tekfirci ter\u00f6r \u00f6rg\u00fct\u00fcn bir siper mevkiinin i\u00e7inde bulunan 7 ter\u00f6ristle birlikte tamamen imha edildiklerini s\u00f6yledi.<\/p>\n","protected":false},"excerpt":{"rendered":"<p>Kaynak operasyonda tekfirci ter\u00f6r \u00f6rg\u00fct\u00fcn bir siper mevkiinin i\u00e7inde bulunan 7 ter\u00f6ristle birlikte tamamen imha edildiklerini s\u00f6yledi.<\/p>\n","protected":false},"author":1,"featured_media":0,"comment_status":"closed","ping_status":"closed","sticky":false,"template":"","format":"standard","meta":{"footnotes":""},"categories":[17991],"tags":[],"class_list":["post-111097","post","type-post","status-publish","format-standard","","category-son-dakika"],"_links":{"self":[{"href":"https:\/\/archive.sana.sy\/tr\/index.php?rest_route=\/wp\/v2\/posts\/111097","targetHints":{"allow":["GET"]}}],"collection":[{"href":"https:\/\/archive.sana.sy\/tr\/index.php?rest_route=\/wp\/v2\/posts"}],"about":[{"href":"https:\/\/archive.sana.sy\/tr\/index.php?rest_route=\/wp\/v2\/types\/post"}],"author":[{"embeddable":true,"href":"https:\/\/archive.sana.sy\/tr\/index.php?rest_route=\/wp\/v2\/users\/1"}],"replies":[{"embeddable":true,"href":"https:\/\/archive.sana.sy\/tr\/index.php?rest_route=%2Fwp%2Fv2%2Fcomments&post=111097"}],"version-history":[{"count":0,"href":"https:\/\/archive.sana.sy\/tr\/index.php?rest_route=\/wp\/v2\/posts\/111097\/revisions"}],"wp:attachment":[{"href":"https:\/\/archive.sana.sy\/tr\/index.php?rest_route=%2Fwp%2Fv2%2Fmedia&parent=111097"}],"wp:term":[{"taxonomy":"category","embeddable":true,"href":"https:\/\/archive.sana.sy\/tr\/index.php?rest_route=%2Fwp%2Fv2%2Fcategories&post=111097"},{"taxonomy":"post_tag","embeddable":true,"href":"https:\/\/archive.sana.sy\/tr\/index.php?rest_route=%2Fwp%2Fv2%2Ftags&post=111097"}],"curies":[{"name":"wp","href":"https:\/\/api.w.org\/{rel}","templated":true}]}}