{"id":111107,"date":"2017-04-12T08:10:18","date_gmt":"2017-04-12T05:10:18","guid":{"rendered":"http:\/\/www.sana.sy\/tr\/?p=111107"},"modified":"2017-04-12T15:26:32","modified_gmt":"2017-04-12T12:26:32","slug":"idlib-kirsalinda-belli-basli-rejimlerin-destek-ve-komutasindaki-teroristlerin-siki-kusatmasi-altinda-yasam-mucadelesi-veren-fua-ve-kefrayya-beldelerinden-sivil-vatandaslari-tahliye-etme-ve-sam-kirsali","status":"publish","type":"post","link":"https:\/\/archive.sana.sy\/tr\/?p=111107","title":{"rendered":"\u0130dlib k\u0131rsal\u0131nda belli ba\u015fl\u0131 rejimlerin destek ve komutas\u0131ndaki ter\u00f6ristlerin s\u0131k\u0131 ku\u015fatmas\u0131 alt\u0131nda ya\u015fam m\u00fccadelesi veren Fua ve Kefrayya beldelerinden sivil vatanda\u015flar\u0131 tahliye etme ve \u015eam k\u0131rsal\u0131 Zebadani ve Madaya beldelerinden ter\u00f6ristleri \u00e7\u0131karma anla\u015fmas\u0131n\u0131 hayata ge\u00e7irme \u00e7al\u0131\u015fmalar\u0131 bug\u00fcn ba\u015flat\u0131ld\u0131."},"content":{"rendered":"<p>\u0130dlib k\u0131rsal\u0131nda belli ba\u015fl\u0131 rejimlerin destek ve komutas\u0131ndaki ter\u00f6ristlerin s\u0131k\u0131 ku\u015fatmas\u0131 alt\u0131nda ya\u015fam m\u00fccadelesi veren Fua ve Kefrayya beldelerinden sivil vatanda\u015flar\u0131 tahliye etme ve \u015eam k\u0131rsal\u0131 Zebadani ve Madaya beldelerinden ter\u00f6ristleri \u00e7\u0131karma anla\u015fmas\u0131n\u0131 hayata ge\u00e7irme \u00e7al\u0131\u015fmalar\u0131 bug\u00fcn ba\u015flat\u0131ld\u0131.<\/p>\n","protected":false},"excerpt":{"rendered":"<p>\u0130dlib k\u0131rsal\u0131nda belli ba\u015fl\u0131 rejimlerin destek ve komutas\u0131ndaki ter\u00f6ristlerin s\u0131k\u0131 ku\u015fatmas\u0131 alt\u0131nda ya\u015fam m\u00fccadelesi veren Fua ve Kefrayya beldelerinden sivil vatanda\u015flar\u0131 tahliye etme ve \u015eam k\u0131rsal\u0131 Zebadani ve Madaya beldelerinden ter\u00f6ristleri \u00e7\u0131karma anla\u015fmas\u0131n\u0131 hayata ge\u00e7irme \u00e7al\u0131\u015fmalar\u0131 bug\u00fcn ba\u015flat\u0131ld\u0131.<\/p>\n","protected":false},"author":1,"featured_media":0,"comment_status":"closed","ping_status":"closed","sticky":false,"template":"","format":"standard","meta":{"footnotes":""},"categories":[17991],"tags":[],"class_list":["post-111107","post","type-post","status-publish","format-standard","","category-son-dakika"],"_links":{"self":[{"href":"https:\/\/archive.sana.sy\/tr\/index.php?rest_route=\/wp\/v2\/posts\/111107","targetHints":{"allow":["GET"]}}],"collection":[{"href":"https:\/\/archive.sana.sy\/tr\/index.php?rest_route=\/wp\/v2\/posts"}],"about":[{"href":"https:\/\/archive.sana.sy\/tr\/index.php?rest_route=\/wp\/v2\/types\/post"}],"author":[{"embeddable":true,"href":"https:\/\/archive.sana.sy\/tr\/index.php?rest_route=\/wp\/v2\/users\/1"}],"replies":[{"embeddable":true,"href":"https:\/\/archive.sana.sy\/tr\/index.php?rest_route=%2Fwp%2Fv2%2Fcomments&post=111107"}],"version-history":[{"count":0,"href":"https:\/\/archive.sana.sy\/tr\/index.php?rest_route=\/wp\/v2\/posts\/111107\/revisions"}],"wp:attachment":[{"href":"https:\/\/archive.sana.sy\/tr\/index.php?rest_route=%2Fwp%2Fv2%2Fmedia&parent=111107"}],"wp:term":[{"taxonomy":"category","embeddable":true,"href":"https:\/\/archive.sana.sy\/tr\/index.php?rest_route=%2Fwp%2Fv2%2Fcategories&post=111107"},{"taxonomy":"post_tag","embeddable":true,"href":"https:\/\/archive.sana.sy\/tr\/index.php?rest_route=%2Fwp%2Fv2%2Ftags&post=111107"}],"curies":[{"name":"wp","href":"https:\/\/api.w.org\/{rel}","templated":true}]}}