{"id":111109,"date":"2017-04-12T08:14:42","date_gmt":"2017-04-12T05:14:42","guid":{"rendered":"http:\/\/www.sana.sy\/tr\/?p=111109"},"modified":"2017-04-12T15:26:48","modified_gmt":"2017-04-12T12:26:48","slug":"sana-muhabiri-anlasma-kapsaminda-fua-ve-kefrayya-beldelerinden-masum-sivil-insnalar-halep-kenti-yonunde-hareket-ederken-zebadani-ve-madaya-beldelerinden-de-teroristlerin-idlib-yonunde-hareket-ettikle","status":"publish","type":"post","link":"https:\/\/archive.sana.sy\/tr\/?p=111109","title":{"rendered":"SANA muhabiri anla\u015fma kapsam\u0131nda Fua ve Kefrayya Beldelerinden masum sivil insnalar Halep Kenti y\u00f6n\u00fcnde hareket ederken, Zebadani ve Madaya beldelerinden de ter\u00f6ristlerin \u0130dlib y\u00f6n\u00fcnde hareket ettiklerine dikkat \u00e7ekti."},"content":{"rendered":"<p>SANA muhabiri anla\u015fma kapsam\u0131nda Fua ve Kefrayya Beldelerinden masum sivil insnalar Halep Kenti y\u00f6n\u00fcnde hareket ederken, Zebadani ve Madaya beldelerinden de ter\u00f6ristlerin \u0130dlib y\u00f6n\u00fcnde hareket ettiklerine dikkat \u00e7ekti.<\/p>\n","protected":false},"excerpt":{"rendered":"<p>SANA muhabiri anla\u015fma kapsam\u0131nda Fua ve Kefrayya Beldelerinden masum sivil insnalar Halep Kenti y\u00f6n\u00fcnde hareket ederken, Zebadani ve Madaya beldelerinden de ter\u00f6ristlerin \u0130dlib y\u00f6n\u00fcnde hareket ettiklerine dikkat \u00e7ekti.<\/p>\n","protected":false},"author":1,"featured_media":0,"comment_status":"closed","ping_status":"closed","sticky":false,"template":"","format":"standard","meta":{"footnotes":""},"categories":[17991],"tags":[],"class_list":["post-111109","post","type-post","status-publish","format-standard","","category-son-dakika"],"_links":{"self":[{"href":"https:\/\/archive.sana.sy\/tr\/index.php?rest_route=\/wp\/v2\/posts\/111109","targetHints":{"allow":["GET"]}}],"collection":[{"href":"https:\/\/archive.sana.sy\/tr\/index.php?rest_route=\/wp\/v2\/posts"}],"about":[{"href":"https:\/\/archive.sana.sy\/tr\/index.php?rest_route=\/wp\/v2\/types\/post"}],"author":[{"embeddable":true,"href":"https:\/\/archive.sana.sy\/tr\/index.php?rest_route=\/wp\/v2\/users\/1"}],"replies":[{"embeddable":true,"href":"https:\/\/archive.sana.sy\/tr\/index.php?rest_route=%2Fwp%2Fv2%2Fcomments&post=111109"}],"version-history":[{"count":0,"href":"https:\/\/archive.sana.sy\/tr\/index.php?rest_route=\/wp\/v2\/posts\/111109\/revisions"}],"wp:attachment":[{"href":"https:\/\/archive.sana.sy\/tr\/index.php?rest_route=%2Fwp%2Fv2%2Fmedia&parent=111109"}],"wp:term":[{"taxonomy":"category","embeddable":true,"href":"https:\/\/archive.sana.sy\/tr\/index.php?rest_route=%2Fwp%2Fv2%2Fcategories&post=111109"},{"taxonomy":"post_tag","embeddable":true,"href":"https:\/\/archive.sana.sy\/tr\/index.php?rest_route=%2Fwp%2Fv2%2Ftags&post=111109"}],"curies":[{"name":"wp","href":"https:\/\/api.w.org\/{rel}","templated":true}]}}