{"id":111112,"date":"2017-04-12T08:21:03","date_gmt":"2017-04-12T05:21:03","guid":{"rendered":"http:\/\/www.sana.sy\/tr\/?p=111112"},"modified":"2017-04-12T15:27:47","modified_gmt":"2017-04-12T12:27:47","slug":"bunun-mukabilinde-fua-ve-kefrayya-beldelerinde-halk-savunma-guclerinin-daha-once-catismalar-sirasinda-esir-aldiklari-19-teroristi-serbest-biraktiklarini-ifade-ederken-fua-ve-kefrayya-beldelerinden-va","status":"publish","type":"post","link":"https:\/\/archive.sana.sy\/tr\/?p=111112","title":{"rendered":"Bunun mukabilinde Fua ve Kefrayya beldelerinde halk savunma g\u00fc\u00e7lerinin daha \u00f6nce \u00e7at\u0131\u015fmalar s\u0131ras\u0131nda esir ald\u0131klar\u0131 19 ter\u00f6risti serbest b\u0131rakt\u0131klar\u0131n\u0131 ifade ederken, Fua ve Kefrayya beldelerinden vatanda\u015flar\u0131n Halep y\u00f6n\u00fcnde, Madaya ve Zabadani beldelerinden de ter\u00f6ristlerin \u0130dlib y\u00f6n\u00fcnde \u00e7\u0131kmaya devam etmelerinin beklendi\u011fine dikkat \u00e7ekti."},"content":{"rendered":"<p>Bunun mukabilinde Fua ve Kefrayya beldelerinde halk savunma g\u00fc\u00e7lerinin daha \u00f6nce \u00e7at\u0131\u015fmalar s\u0131ras\u0131nda esir ald\u0131klar\u0131 19 ter\u00f6risti serbest b\u0131rakt\u0131klar\u0131n\u0131 ifade ederken, Fua ve Kefrayya beldelerinden vatanda\u015flar\u0131n Halep y\u00f6n\u00fcnde, Madaya ve Zabadani beldelerinden de ter\u00f6ristlerin \u0130dlib y\u00f6n\u00fcnde \u00e7\u0131kmaya devam etmelerinin beklendi\u011fine dikkat \u00e7ekti.<\/p>\n","protected":false},"excerpt":{"rendered":"<p>Bunun mukabilinde Fua ve Kefrayya beldelerinde halk savunma g\u00fc\u00e7lerinin daha \u00f6nce \u00e7at\u0131\u015fmalar s\u0131ras\u0131nda esir ald\u0131klar\u0131 19 ter\u00f6risti serbest b\u0131rakt\u0131klar\u0131n\u0131 ifade ederken, Fua ve Kefrayya beldelerinden vatanda\u015flar\u0131n Halep y\u00f6n\u00fcnde, Madaya ve Zabadani beldelerinden de ter\u00f6ristlerin \u0130dlib y\u00f6n\u00fcnde \u00e7\u0131kmaya devam etmelerinin beklendi\u011fine dikkat \u00e7ekti.<\/p>\n","protected":false},"author":1,"featured_media":0,"comment_status":"closed","ping_status":"closed","sticky":false,"template":"","format":"standard","meta":{"footnotes":""},"categories":[17991],"tags":[],"class_list":["post-111112","post","type-post","status-publish","format-standard","","category-son-dakika"],"_links":{"self":[{"href":"https:\/\/archive.sana.sy\/tr\/index.php?rest_route=\/wp\/v2\/posts\/111112","targetHints":{"allow":["GET"]}}],"collection":[{"href":"https:\/\/archive.sana.sy\/tr\/index.php?rest_route=\/wp\/v2\/posts"}],"about":[{"href":"https:\/\/archive.sana.sy\/tr\/index.php?rest_route=\/wp\/v2\/types\/post"}],"author":[{"embeddable":true,"href":"https:\/\/archive.sana.sy\/tr\/index.php?rest_route=\/wp\/v2\/users\/1"}],"replies":[{"embeddable":true,"href":"https:\/\/archive.sana.sy\/tr\/index.php?rest_route=%2Fwp%2Fv2%2Fcomments&post=111112"}],"version-history":[{"count":0,"href":"https:\/\/archive.sana.sy\/tr\/index.php?rest_route=\/wp\/v2\/posts\/111112\/revisions"}],"wp:attachment":[{"href":"https:\/\/archive.sana.sy\/tr\/index.php?rest_route=%2Fwp%2Fv2%2Fmedia&parent=111112"}],"wp:term":[{"taxonomy":"category","embeddable":true,"href":"https:\/\/archive.sana.sy\/tr\/index.php?rest_route=%2Fwp%2Fv2%2Fcategories&post=111112"},{"taxonomy":"post_tag","embeddable":true,"href":"https:\/\/archive.sana.sy\/tr\/index.php?rest_route=%2Fwp%2Fv2%2Ftags&post=111112"}],"curies":[{"name":"wp","href":"https:\/\/api.w.org\/{rel}","templated":true}]}}