{"id":111149,"date":"2017-04-13T14:15:34","date_gmt":"2017-04-13T11:15:34","guid":{"rendered":"http:\/\/www.sana.sy\/tr\/?p=111149"},"modified":"2017-04-14T15:29:05","modified_gmt":"2017-04-14T12:29:05","slug":"okul-girisinde-facia-onlendi-video","status":"publish","type":"post","link":"https:\/\/archive.sana.sy\/tr\/?p=111149","title":{"rendered":"Okul Giri\u015finde Facia \u00d6nlendi (video)"},"content":{"rendered":"<p>HOMS \u2013 G\u00fcvenlik birimleri bug\u00fcn Homs Kentinin \u0130krima Semtinde bir okulun yak\u0131nlar\u0131nda kendini havaya u\u00e7urmaya \u00e7al\u0131\u015fan bir canl\u0131 bombay\u0131 engellemeyi ba\u015fard\u0131.<\/p>\n<p>Homs Valili\u011finde bir kaynak SANA\u2019ya a\u00e7\u0131klamalar\u0131nda; g\u00fcvenlik birimlerinin izleme ve takip operasyonu sonucunda bir cep telefonuna ba\u011fl\u0131 olarak patlay\u0131c\u0131 kemer giyen bir bayan\u0131 durdurdu\u011funu belirtti. Kaynak bayan\u0131n \u0130krima el Mahzumi \u0130lk\u00f6\u011fretim Okulu \u00f6n\u00fcnde \u00e7ocuklar\u0131n okul \u00e7\u0131k\u0131\u015f\u0131 s\u0131ras\u0131nda kendini havaya u\u00e7urmay\u0131 planlad\u0131\u011f\u0131n\u0131n ortaya \u00e7\u0131kt\u0131\u011f\u0131na i\u015faret ederken, patlay\u0131c\u0131 uzmanlar\u0131n\u0131n derhal kad\u0131n\u0131 kontrol alt\u0131na al\u0131p patlay\u0131c\u0131 kemeri etkisiz hale getirdiklerini kaydetti.<\/p>\n<p>Kaynak intihar eylemcisi kad\u0131n ter\u00f6ristin, ba\u011fl\u0131 oldu\u011fu ter\u00f6r \u00f6rg\u00fctleri ve birlikte \u00e7al\u0131\u015ft\u0131\u011f\u0131 \u015febekenin de\u015fifre edilmesi amac\u0131yla sorguya al\u0131nd\u0131\u011f\u0131n\u0131 belirtti.<\/p>\n<p>https:\/\/www.youtube.com\/watch?v=coyPLcqjcxs<\/p>\n","protected":false},"excerpt":{"rendered":"<p>HOMS \u2013 G\u00fcvenlik birimleri bug\u00fcn Homs Kentinin \u0130krima Semtinde bir okulun yak\u0131nlar\u0131nda kendini havaya u\u00e7urmaya \u00e7al\u0131\u015fan bir canl\u0131 bombay\u0131 engellemeyi ba\u015fard\u0131. Homs Valili\u011finde bir kaynak SANA\u2019ya a\u00e7\u0131klamalar\u0131nda; g\u00fcvenlik birimlerinin izleme ve takip operasyonu sonucunda bir cep telefonuna ba\u011fl\u0131 olarak patlay\u0131c\u0131 kemer giyen bir bayan\u0131 durdurdu\u011funu belirtti. Kaynak bayan\u0131n \u0130krima el Mahzumi \u0130lk\u00f6\u011fretim Okulu \u00f6n\u00fcnde \u00e7ocuklar\u0131n &hellip;<\/p>\n","protected":false},"author":1,"featured_media":111150,"comment_status":"closed","ping_status":"closed","sticky":false,"template":"","format":"standard","meta":{"footnotes":""},"categories":[479,575,17988,478],"tags":[3464,18575,17137,28996,28995,18347,28997,18674,23837,19034],"class_list":["post-111149","post","type-post","status-publish","format-standard","has-post-thumbnail","","category-haberler-yerel","category-olaylar-ve-gercekler","category-son-haberler","category-yerel","tag-nusra-cephesi","tag-canli-bomba","tag-guvenlik-gucleri","tag-ikrima","tag-kadin-terorist","tag-oso","tag-patlayici-kemer","tag-silahli-muhalifler","tag-suriye-gercekleri","tag-suriyeli-muhalifler"],"_links":{"self":[{"href":"https:\/\/archive.sana.sy\/tr\/index.php?rest_route=\/wp\/v2\/posts\/111149","targetHints":{"allow":["GET"]}}],"collection":[{"href":"https:\/\/archive.sana.sy\/tr\/index.php?rest_route=\/wp\/v2\/posts"}],"about":[{"href":"https:\/\/archive.sana.sy\/tr\/index.php?rest_route=\/wp\/v2\/types\/post"}],"author":[{"embeddable":true,"href":"https:\/\/archive.sana.sy\/tr\/index.php?rest_route=\/wp\/v2\/users\/1"}],"replies":[{"embeddable":true,"href":"https:\/\/archive.sana.sy\/tr\/index.php?rest_route=%2Fwp%2Fv2%2Fcomments&post=111149"}],"version-history":[{"count":0,"href":"https:\/\/archive.sana.sy\/tr\/index.php?rest_route=\/wp\/v2\/posts\/111149\/revisions"}],"wp:featuredmedia":[{"embeddable":true,"href":"https:\/\/archive.sana.sy\/tr\/index.php?rest_route=\/wp\/v2\/media\/111150"}],"wp:attachment":[{"href":"https:\/\/archive.sana.sy\/tr\/index.php?rest_route=%2Fwp%2Fv2%2Fmedia&parent=111149"}],"wp:term":[{"taxonomy":"category","embeddable":true,"href":"https:\/\/archive.sana.sy\/tr\/index.php?rest_route=%2Fwp%2Fv2%2Fcategories&post=111149"},{"taxonomy":"post_tag","embeddable":true,"href":"https:\/\/archive.sana.sy\/tr\/index.php?rest_route=%2Fwp%2Fv2%2Ftags&post=111149"}],"curies":[{"name":"wp","href":"https:\/\/api.w.org\/{rel}","templated":true}]}}