{"id":111157,"date":"2017-04-13T11:05:56","date_gmt":"2017-04-13T08:05:56","guid":{"rendered":"http:\/\/www.sana.sy\/tr\/?p=111157"},"modified":"2017-04-13T14:24:34","modified_gmt":"2017-04-13T11:24:34","slug":"genel-komutanlik-bugun-yayinladigi-ve-sananin-bir-nushasini-aldigi-bultende-uluslar-arasi-koalisyon-guclerine-tabi-savas-ucaklarinin-dun-saat-1730-ila-1750-sularinda-deyrezzor-kirsalinin-d","status":"publish","type":"post","link":"https:\/\/archive.sana.sy\/tr\/?p=111157","title":{"rendered":"Genel Komutanl\u0131k bug\u00fcn yay\u0131nlad\u0131\u011f\u0131 ve SANA\u2019n\u0131n bir n\u00fcshas\u0131n\u0131 ald\u0131\u011f\u0131 b\u00fcltende; uluslar aras\u0131 koalisyon g\u00fc\u00e7lerine tabi sava\u015f u\u00e7aklar\u0131n\u0131n d\u00fcn saat 17:30 ila 17:50 sular\u0131nda Deyrezzor k\u0131rsal\u0131n\u0131n do\u011fusunda I\u015e\u0130D\u2019in b\u00fcy\u00fck bir karargah\u0131n\u0131 imha ettiklerini belirtti."},"content":{"rendered":"<p>Genel Komutanl\u0131k bug\u00fcn yay\u0131nlad\u0131\u011f\u0131 ve SANA\u2019n\u0131n bir n\u00fcshas\u0131n\u0131 ald\u0131\u011f\u0131 b\u00fcltende; uluslar aras\u0131 koalisyon g\u00fc\u00e7lerine tabi sava\u015f u\u00e7aklar\u0131n\u0131n d\u00fcn saat 17:30 ila 17:50 sular\u0131nda Deyrezzor k\u0131rsal\u0131n\u0131n do\u011fusunda I\u015e\u0130D\u2019in b\u00fcy\u00fck bir karargah\u0131n\u0131 imha ettiklerini belirtti.<\/p>\n","protected":false},"excerpt":{"rendered":"<p>Genel Komutanl\u0131k bug\u00fcn yay\u0131nlad\u0131\u011f\u0131 ve SANA\u2019n\u0131n bir n\u00fcshas\u0131n\u0131 ald\u0131\u011f\u0131 b\u00fcltende; uluslar aras\u0131 koalisyon g\u00fc\u00e7lerine tabi sava\u015f u\u00e7aklar\u0131n\u0131n d\u00fcn saat 17:30 ila 17:50 sular\u0131nda Deyrezzor k\u0131rsal\u0131n\u0131n do\u011fusunda I\u015e\u0130D\u2019in b\u00fcy\u00fck bir karargah\u0131n\u0131 imha ettiklerini belirtti.<\/p>\n","protected":false},"author":1,"featured_media":0,"comment_status":"closed","ping_status":"closed","sticky":false,"template":"","format":"standard","meta":{"footnotes":""},"categories":[17991],"tags":[],"class_list":["post-111157","post","type-post","status-publish","format-standard","","category-son-dakika"],"_links":{"self":[{"href":"https:\/\/archive.sana.sy\/tr\/index.php?rest_route=\/wp\/v2\/posts\/111157","targetHints":{"allow":["GET"]}}],"collection":[{"href":"https:\/\/archive.sana.sy\/tr\/index.php?rest_route=\/wp\/v2\/posts"}],"about":[{"href":"https:\/\/archive.sana.sy\/tr\/index.php?rest_route=\/wp\/v2\/types\/post"}],"author":[{"embeddable":true,"href":"https:\/\/archive.sana.sy\/tr\/index.php?rest_route=\/wp\/v2\/users\/1"}],"replies":[{"embeddable":true,"href":"https:\/\/archive.sana.sy\/tr\/index.php?rest_route=%2Fwp%2Fv2%2Fcomments&post=111157"}],"version-history":[{"count":0,"href":"https:\/\/archive.sana.sy\/tr\/index.php?rest_route=\/wp\/v2\/posts\/111157\/revisions"}],"wp:attachment":[{"href":"https:\/\/archive.sana.sy\/tr\/index.php?rest_route=%2Fwp%2Fv2%2Fmedia&parent=111157"}],"wp:term":[{"taxonomy":"category","embeddable":true,"href":"https:\/\/archive.sana.sy\/tr\/index.php?rest_route=%2Fwp%2Fv2%2Fcategories&post=111157"},{"taxonomy":"post_tag","embeddable":true,"href":"https:\/\/archive.sana.sy\/tr\/index.php?rest_route=%2Fwp%2Fv2%2Ftags&post=111157"}],"curies":[{"name":"wp","href":"https:\/\/api.w.org\/{rel}","templated":true}]}}