{"id":111176,"date":"2017-04-13T14:50:15","date_gmt":"2017-04-13T11:50:15","guid":{"rendered":"http:\/\/www.sana.sy\/tr\/?p=111176"},"modified":"2017-04-14T15:28:56","modified_gmt":"2017-04-14T12:28:56","slug":"teroristlerin-askeri-ve-sivil-bolgelere-saldirilarini-cokertme-operasyonlari-devam-ediyor","status":"publish","type":"post","link":"https:\/\/archive.sana.sy\/tr\/?p=111176","title":{"rendered":"Ter\u00f6ristlerin Askeri ve Sivil B\u00f6lgelere Sald\u0131r\u0131lar\u0131n\u0131 \u00c7\u00f6kertme Operasyonlar\u0131 Devam Ediyor"},"content":{"rendered":"<p>\u0130LLER \u2013 Ordu birliklerimiz I\u015e\u0130D, Nusra Cephesi ve bu iki radikal ter\u00f6r \u00f6rg\u00fctlerin m\u00fcttefikleri olup yine d\u0131\u015f g\u00fc\u00e7lerden destek alan ter\u00f6ristlerin askeri ve sivil yerle\u015fim alanlar\u0131na sald\u0131r\u0131lar\u0131n\u0131 \u00e7\u00f6kertme ve onlar\u0131 a\u011f\u0131r kay\u0131plara u\u011fratma operasyonlar\u0131n\u0131 s\u00fcrd\u00fcrd\u00fc.<\/p>\n<p><span style=\"color: #0000ff\">HOMS:<\/span><\/p>\n<p>Askeri kaynak ordu birliklerimizin Homs \u0130linin do\u011fusunda Dhur Seniye el Mzeyble B\u00f6lgesinde askeri noktalara sald\u0131r\u0131 giri\u015fiminde bulunan I\u015e\u0130D\u2019li radikal ter\u00f6ristlerle \u015fiddetli \u00e7at\u0131\u015fmalara girdiklerini belirtti.<\/p>\n<p>\u015eiddetli \u00e7at\u0131\u015fmalarda tekfircilerin say\u0131, silah ve ara\u00e7lar\u0131yla b\u00fcy\u00fck kay\u0131plara u\u011frat\u0131lmalar\u0131 ard\u0131ndan sa\u011f kalanlar\u0131n arkalar\u0131nda \u00e7ok say\u0131da ceset ve muhtelif t\u00fcr silahlar b\u0131rakarak ka\u00e7t\u0131klar\u0131n\u0131 aktaran kaynak, bu \u00e7eteleri kovalama operasyonlar\u0131n\u0131n devam etti\u011fini kaydetti.<\/p>\n<p><span style=\"color: #0000ff\">DERA:<\/span><\/p>\n<p>Bu arada Askeri kaynak ordu birliklerimizin, Dera Beled\u2019in muhtelif eksenlerinden askeri ve sivil b\u00f6lgelere geni\u015f bir sald\u0131r\u0131da bulunan \u0130srail \u00e7eteleri Nusra Cephesi ve m\u00fcttefikleri di\u011fer ter\u00f6rist gruplara kar\u015f\u0131 koyduklar\u0131n\u0131 belirtti.<\/p>\n<p>Kaynak sald\u0131rganlardan aralar\u0131nda az\u0131l\u0131 isimlerin bulundu\u011fu \u00e7ok say\u0131da ter\u00f6ristin \u00f6ld\u00fcr\u00fclmesi, kulland\u0131klar\u0131 2 tank, a\u011f\u0131r makineli silah\u0131n monte edildi\u011fi bir ara\u00e7 ve TAO tipi iki f\u00fcze rampas\u0131n\u0131n ekipleriyle birlikte imha edilmeleri ard\u0131ndan \u00e7at\u0131\u015fmalar\u0131n kesildi\u011fini aktard\u0131.<\/p>\n<p><span style=\"color: #0000ff\">KUNAYTRA:<\/span><\/p>\n<p>Di\u011fer yandan askeri kaynak Kunaytra k\u0131rsal\u0131n\u0131n do\u011fusu Meshara Beldesinde \u0130srail\u2019e tabi Nusra Cephesi ve m\u00fcttefikleri ter\u00f6rist gruplar\u0131n Tel el \u015eahm Tepesi civar\u0131nda askeri noktalar\u0131 top ate\u015fine tuttuklar\u0131n\u0131 ifade ederken, ter\u00f6r sald\u0131r\u0131lar\u0131nda be\u015feri isabetlerin olmad\u0131\u011f\u0131n\u0131 aktard\u0131.<\/p>\n<p>Kaynak bunun \u00fczerine ordu birliklerimizin Meshara Beldesinde ter\u00f6ristlerin ate\u015f ettikleri noktalar\u0131 top ate\u015fine tutarak a\u011f\u0131r silahlar\u0131yla birlikte onlar\u0131 etkisiz hale getirdiklerini belirtti.<\/p>\n","protected":false},"excerpt":{"rendered":"<p>\u0130LLER \u2013 Ordu birliklerimiz I\u015e\u0130D, Nusra Cephesi ve bu iki radikal ter\u00f6r \u00f6rg\u00fctlerin m\u00fcttefikleri olup yine d\u0131\u015f g\u00fc\u00e7lerden destek alan ter\u00f6ristlerin askeri ve sivil yerle\u015fim alanlar\u0131na sald\u0131r\u0131lar\u0131n\u0131 \u00e7\u00f6kertme ve onlar\u0131 a\u011f\u0131r kay\u0131plara u\u011fratma operasyonlar\u0131n\u0131 s\u00fcrd\u00fcrd\u00fc. HOMS: Askeri kaynak ordu birliklerimizin Homs \u0130linin do\u011fusunda Dhur Seniye el Mzeyble B\u00f6lgesinde askeri noktalara sald\u0131r\u0131 giri\u015fiminde bulunan I\u015e\u0130D\u2019li radikal &hellip;<\/p>\n","protected":false},"author":1,"featured_media":111180,"comment_status":"closed","ping_status":"closed","sticky":false,"template":"","format":"standard","meta":{"footnotes":""},"categories":[479,575,17988,478],"tags":[3464,18365,18237,28934,18347,18674,23837,11549,19043,22182,19034,28327],"class_list":["post-111176","post","type-post","status-publish","format-standard","has-post-thumbnail","","category-haberler-yerel","category-olaylar-ve-gercekler","category-son-haberler","category-yerel","tag-nusra-cephesi","tag-ahrar-el-sam","tag-cihatcilar","tag-os","tag-oso","tag-silahli-muhalifler","tag-suriye-gercekleri","tag-suriye-ordusu","tag-suriyede-son-durum","tag-suriyede-savas","tag-suriyeli-muhalifler","tag-tahrir-el-sam"],"_links":{"self":[{"href":"https:\/\/archive.sana.sy\/tr\/index.php?rest_route=\/wp\/v2\/posts\/111176","targetHints":{"allow":["GET"]}}],"collection":[{"href":"https:\/\/archive.sana.sy\/tr\/index.php?rest_route=\/wp\/v2\/posts"}],"about":[{"href":"https:\/\/archive.sana.sy\/tr\/index.php?rest_route=\/wp\/v2\/types\/post"}],"author":[{"embeddable":true,"href":"https:\/\/archive.sana.sy\/tr\/index.php?rest_route=\/wp\/v2\/users\/1"}],"replies":[{"embeddable":true,"href":"https:\/\/archive.sana.sy\/tr\/index.php?rest_route=%2Fwp%2Fv2%2Fcomments&post=111176"}],"version-history":[{"count":0,"href":"https:\/\/archive.sana.sy\/tr\/index.php?rest_route=\/wp\/v2\/posts\/111176\/revisions"}],"wp:featuredmedia":[{"embeddable":true,"href":"https:\/\/archive.sana.sy\/tr\/index.php?rest_route=\/wp\/v2\/media\/111180"}],"wp:attachment":[{"href":"https:\/\/archive.sana.sy\/tr\/index.php?rest_route=%2Fwp%2Fv2%2Fmedia&parent=111176"}],"wp:term":[{"taxonomy":"category","embeddable":true,"href":"https:\/\/archive.sana.sy\/tr\/index.php?rest_route=%2Fwp%2Fv2%2Fcategories&post=111176"},{"taxonomy":"post_tag","embeddable":true,"href":"https:\/\/archive.sana.sy\/tr\/index.php?rest_route=%2Fwp%2Fv2%2Ftags&post=111176"}],"curies":[{"name":"wp","href":"https:\/\/api.w.org\/{rel}","templated":true}]}}