{"id":111192,"date":"2017-04-13T14:42:33","date_gmt":"2017-04-13T11:42:33","guid":{"rendered":"http:\/\/www.sana.sy\/tr\/?p=111192"},"modified":"2017-04-13T17:55:19","modified_gmt":"2017-04-13T14:55:19","slug":"kaynak-bunun-uzerine-ordu-birliklerimizin-meshara-beldesinde-teroristlerin-ates-ettikleri-noktalari-top-atesine-tutarak-agir-silahlariyla-birlikte-onlari-etkisiz-hale-getirdiklerini-belirtti","status":"publish","type":"post","link":"https:\/\/archive.sana.sy\/tr\/?p=111192","title":{"rendered":"Kaynak bunun \u00fczerine ordu birliklerimizin Meshara Beldesinde ter\u00f6ristlerin ate\u015f ettikleri noktalar\u0131 top ate\u015fine tutarak a\u011f\u0131r silahlar\u0131yla birlikte onlar\u0131 etkisiz hale getirdiklerini belirtti."},"content":{"rendered":"<p>Kaynak bunun \u00fczerine ordu birliklerimizin Meshara Beldesinde ter\u00f6ristlerin ate\u015f ettikleri noktalar\u0131 top ate\u015fine tutarak a\u011f\u0131r silahlar\u0131yla birlikte onlar\u0131 etkisiz hale getirdiklerini belirtti.<\/p>\n","protected":false},"excerpt":{"rendered":"<p>Kaynak bunun \u00fczerine ordu birliklerimizin Meshara Beldesinde ter\u00f6ristlerin ate\u015f ettikleri noktalar\u0131 top ate\u015fine tutarak a\u011f\u0131r silahlar\u0131yla birlikte onlar\u0131 etkisiz hale getirdiklerini belirtti.<\/p>\n","protected":false},"author":1,"featured_media":0,"comment_status":"closed","ping_status":"closed","sticky":false,"template":"","format":"standard","meta":{"footnotes":""},"categories":[17991],"tags":[],"class_list":["post-111192","post","type-post","status-publish","format-standard","","category-son-dakika"],"_links":{"self":[{"href":"https:\/\/archive.sana.sy\/tr\/index.php?rest_route=\/wp\/v2\/posts\/111192","targetHints":{"allow":["GET"]}}],"collection":[{"href":"https:\/\/archive.sana.sy\/tr\/index.php?rest_route=\/wp\/v2\/posts"}],"about":[{"href":"https:\/\/archive.sana.sy\/tr\/index.php?rest_route=\/wp\/v2\/types\/post"}],"author":[{"embeddable":true,"href":"https:\/\/archive.sana.sy\/tr\/index.php?rest_route=\/wp\/v2\/users\/1"}],"replies":[{"embeddable":true,"href":"https:\/\/archive.sana.sy\/tr\/index.php?rest_route=%2Fwp%2Fv2%2Fcomments&post=111192"}],"version-history":[{"count":0,"href":"https:\/\/archive.sana.sy\/tr\/index.php?rest_route=\/wp\/v2\/posts\/111192\/revisions"}],"wp:attachment":[{"href":"https:\/\/archive.sana.sy\/tr\/index.php?rest_route=%2Fwp%2Fv2%2Fmedia&parent=111192"}],"wp:term":[{"taxonomy":"category","embeddable":true,"href":"https:\/\/archive.sana.sy\/tr\/index.php?rest_route=%2Fwp%2Fv2%2Fcategories&post=111192"},{"taxonomy":"post_tag","embeddable":true,"href":"https:\/\/archive.sana.sy\/tr\/index.php?rest_route=%2Fwp%2Fv2%2Ftags&post=111192"}],"curies":[{"name":"wp","href":"https:\/\/api.w.org\/{rel}","templated":true}]}}