{"id":111222,"date":"2017-04-14T11:37:23","date_gmt":"2017-04-14T08:37:23","guid":{"rendered":"http:\/\/www.sana.sy\/tr\/?p=111222"},"modified":"2017-04-15T15:03:25","modified_gmt":"2017-04-15T12:03:25","slug":"muhtelif-bolgelerde-sivillere-saldirilarini-surdurduler","status":"publish","type":"post","link":"https:\/\/archive.sana.sy\/tr\/?p=111222","title":{"rendered":"Muhtelif B\u00f6lgelerde Sivillere Sald\u0131r\u0131lar\u0131n\u0131 S\u00fcrd\u00fcrd\u00fcler"},"content":{"rendered":"<p>\u0130LLER \u2013 D\u0131\u015f g\u00fc\u00e7lerin patronajl\u0131\u011f\u0131nda ter\u00f6r estiren radikal ter\u00f6r \u00f6rg\u00fctleri bug\u00fcn de sivil yerle\u015fim alanlar\u0131na gaddar sald\u0131r\u0131lar\u0131n\u0131 s\u00fcrd\u00fcrerek masum sivil insanlar\u0131n kurban gitmelerine yol a\u00e7t\u0131lar.<\/p>\n<p><span style=\"color: #0000ff\">\u015eAM:<\/span><\/p>\n<p>\u015eam Emniyet M\u00fcd\u00fcrl\u00fc\u011f\u00fcnde bir kaynak; \u015eam\u2019\u0131n kuzeydo\u011fu kenarlar\u0131 Kabun ve do\u011fu k\u0131rsal\u0131 Do\u011fu \u011euta\u2019da bulunan radikal ter\u00f6ristlerin ba\u015fkentin eski semtlerinden Kaymeriye Semtini bir f\u00fczeyle hedef ald\u0131klar\u0131n\u0131 aktard\u0131. Kaynak hain ter\u00f6r sald\u0131r\u0131s\u0131nda 3 vatanda\u015f\u0131n yaraland\u0131\u011f\u0131n\u0131, yerle\u015fim evlerinde maddi hasar\u0131n meydana geldi\u011fini belirtti.<\/p>\n<p><span style=\"color: #0000ff\">DERA:<\/span><\/p>\n<p>Dera Valili\u011finde bir kaynak ise benzer bir a\u00e7\u0131klamada; \u0130srail\u2019den destek ve komuta alan Nusra Cephesinin Dera Mahatta B\u00f6lgesinde vatanda\u015flar\u0131n evlerini muhtelif t\u00fcr roket ve f\u00fczelerle hedef ald\u0131klar\u0131n\u0131 belirtti.<\/p>\n<p>Kaynak tekfirci \u00e7etelerin gaddar sald\u0131r\u0131lar\u0131nda gen\u00e7 bir k\u0131z\u0131n yaraland\u0131\u011f\u0131n\u0131, vatanda\u015flar\u0131n evleri ve hizmet altyap\u0131s\u0131nda maddi zararlar\u0131n meydana geldi\u011fini aktard\u0131.<\/p>\n<p><span style=\"color: #0000ff\">DEYREZZOR:<\/span><\/p>\n<p>Di\u011fer yandan Deyrezzor Valili\u011finde bir kaynak; I\u015e\u0130D\u2019li radikal ter\u00f6ristlerin, vatanda\u015flar\u0131n Cuma namaz\u0131 \u00e7\u0131k\u0131\u015f\u0131 s\u0131ras\u0131nda Cura Semtine f\u00fczelerle sald\u0131rd\u0131klar\u0131n\u0131 belirtti.<\/p>\n<p>Kaynak ter\u00f6r sald\u0131r\u0131lar\u0131nda \u015fans eseri be\u015feri isabetlerin olmad\u0131\u011f\u0131n\u0131, fakat \u00f6zel ve kamu m\u00fclklerde maddi hasar\u0131n meydana geldi\u011fine dikkat \u00e7ekti.<\/p>\n","protected":false},"excerpt":{"rendered":"<p>\u0130LLER \u2013 D\u0131\u015f g\u00fc\u00e7lerin patronajl\u0131\u011f\u0131nda ter\u00f6r estiren radikal ter\u00f6r \u00f6rg\u00fctleri bug\u00fcn de sivil yerle\u015fim alanlar\u0131na gaddar sald\u0131r\u0131lar\u0131n\u0131 s\u00fcrd\u00fcrerek masum sivil insanlar\u0131n kurban gitmelerine yol a\u00e7t\u0131lar. \u015eAM: \u015eam Emniyet M\u00fcd\u00fcrl\u00fc\u011f\u00fcnde bir kaynak; \u015eam\u2019\u0131n kuzeydo\u011fu kenarlar\u0131 Kabun ve do\u011fu k\u0131rsal\u0131 Do\u011fu \u011euta\u2019da bulunan radikal ter\u00f6ristlerin ba\u015fkentin eski semtlerinden Kaymeriye Semtini bir f\u00fczeyle hedef ald\u0131klar\u0131n\u0131 aktard\u0131. Kaynak hain &hellip;<\/p>\n","protected":false},"author":1,"featured_media":111226,"comment_status":"closed","ping_status":"closed","sticky":false,"template":"","format":"standard","meta":{"footnotes":""},"categories":[479,575,17988,478],"tags":[29012],"class_list":["post-111222","post","type-post","status-publish","format-standard","has-post-thumbnail","","category-haberler-yerel","category-olaylar-ve-gercekler","category-son-haberler","category-yerel","tag-muhtelif-bolgelerde-sivillere-saldirilarini-surdurduler"],"_links":{"self":[{"href":"https:\/\/archive.sana.sy\/tr\/index.php?rest_route=\/wp\/v2\/posts\/111222","targetHints":{"allow":["GET"]}}],"collection":[{"href":"https:\/\/archive.sana.sy\/tr\/index.php?rest_route=\/wp\/v2\/posts"}],"about":[{"href":"https:\/\/archive.sana.sy\/tr\/index.php?rest_route=\/wp\/v2\/types\/post"}],"author":[{"embeddable":true,"href":"https:\/\/archive.sana.sy\/tr\/index.php?rest_route=\/wp\/v2\/users\/1"}],"replies":[{"embeddable":true,"href":"https:\/\/archive.sana.sy\/tr\/index.php?rest_route=%2Fwp%2Fv2%2Fcomments&post=111222"}],"version-history":[{"count":0,"href":"https:\/\/archive.sana.sy\/tr\/index.php?rest_route=\/wp\/v2\/posts\/111222\/revisions"}],"wp:featuredmedia":[{"embeddable":true,"href":"https:\/\/archive.sana.sy\/tr\/index.php?rest_route=\/wp\/v2\/media\/111226"}],"wp:attachment":[{"href":"https:\/\/archive.sana.sy\/tr\/index.php?rest_route=%2Fwp%2Fv2%2Fmedia&parent=111222"}],"wp:term":[{"taxonomy":"category","embeddable":true,"href":"https:\/\/archive.sana.sy\/tr\/index.php?rest_route=%2Fwp%2Fv2%2Fcategories&post=111222"},{"taxonomy":"post_tag","embeddable":true,"href":"https:\/\/archive.sana.sy\/tr\/index.php?rest_route=%2Fwp%2Fv2%2Ftags&post=111222"}],"curies":[{"name":"wp","href":"https:\/\/api.w.org\/{rel}","templated":true}]}}