{"id":111275,"date":"2017-04-14T12:00:44","date_gmt":"2017-04-14T09:00:44","guid":{"rendered":"http:\/\/www.sana.sy\/tr\/?p=111275"},"modified":"2017-04-15T15:03:13","modified_gmt":"2017-04-15T12:03:13","slug":"patrikler-terore-destegin-kesilmesine-cagri-yaptilar","status":"publish","type":"post","link":"https:\/\/archive.sana.sy\/tr\/?p=111275","title":{"rendered":"Patrikler Ter\u00f6re Deste\u011fin Kesilmesine \u00c7a\u011fr\u0131 Yapt\u0131lar"},"content":{"rendered":"<p>BEYRUT \u2013 Antakya ve T\u00fcm Do\u011fu Rum Ortodokslar Patri\u011fi X. Yuhanna Yaz\u0131c\u0131 ve Antakya ve T\u00fcm Do\u011fu S\u00fcryani Ortodokslar Patri\u011fi D\u00fcnya S\u00fcryani Kilisesi Y\u00fcksek Ba\u015fkan\u0131 Ignatios II. Afram b\u00f6lge ve halklar\u0131na kar\u015f\u0131 edat olarak kullan\u0131lan ter\u00f6r ve bu ter\u00f6re her t\u00fcrl\u00fc deste\u011fe son verilmesi \u00e7a\u011fr\u0131s\u0131nda bulundular.<\/p>\n<p>Patrikler II Afram ve Yaz\u0131c\u0131 bug\u00fcn yay\u0131nlad\u0131klar\u0131 Paskalya mesaj\u0131nda; Suriyelilere kar\u015f\u0131 zalim bir sava\u015f dayat\u0131ld\u0131\u011f\u0131n\u0131 dikkat \u00e7ekerken, Suriyelilerin, L\u00fcbnanl\u0131lar\u0131n ve t\u00fcm Ortado\u011fulular\u0131n bu sava\u015f nedeniyle kat\u0131 ac\u0131lar ya\u015fad\u0131klar\u0131n\u0131 ifade etti. Bug\u00fcn b\u00f6lgede ter\u00f6r ve radikalli\u011fi destekleyen herkese dur demenin zaman\u0131 geldi\u011fine dikkat \u00e7eken patrikler; bir k\u0131s\u0131m taraflar\u0131n ter\u00f6re muhtelif t\u00fcr saplad\u0131klar\u0131 bir zamanda ter\u00f6rle m\u00fccadele iddialar\u0131nda bulunduklar\u0131n\u0131 kaydettiler.<\/p>\n<p>B\u00f6lgedeki H\u0131ristiyanlar\u0131n diyarlar\u0131na ve yurtlar\u0131na ba\u011fl\u0131 kalacaklar\u0131na i\u015faret eden patrikler; b\u00f6lgedeki H\u0131ristiyanlar\u0131n vatanlar\u0131n\u0131 kanlar\u0131 ve canlar\u0131yla savunacaklar\u0131n\u0131 ifade ettiler.<\/p>\n<p>Patrikler 22 Nisan 2013 tarihinde Halep k\u0131rsal\u0131 Kefar Dael Beldesinde insani bir g\u00f6revde bulunduklar\u0131 s\u0131ras\u0131nda ter\u00f6ristler taraf\u0131ndan ka\u00e7\u0131r\u0131lan Halep \u0130skenderiye ve Civar B\u00f6lgeler Metropoliti Rum Ortodoks Piskoposu Paul Yaz\u0131c\u0131 ve Halep ve Civar B\u00f6lgeler Metropoliti S\u00fcryani Ortodoks Piskoposu Yuhanna \u0130brahim\u2019in serbest b\u0131rak\u0131lmas\u0131 \u00e7a\u011fr\u0131lar\u0131n\u0131 yinelediler.<\/p>\n","protected":false},"excerpt":{"rendered":"<p>BEYRUT \u2013 Antakya ve T\u00fcm Do\u011fu Rum Ortodokslar Patri\u011fi X. Yuhanna Yaz\u0131c\u0131 ve Antakya ve T\u00fcm Do\u011fu S\u00fcryani Ortodokslar Patri\u011fi D\u00fcnya S\u00fcryani Kilisesi Y\u00fcksek Ba\u015fkan\u0131 Ignatios II. Afram b\u00f6lge ve halklar\u0131na kar\u015f\u0131 edat olarak kullan\u0131lan ter\u00f6r ve bu ter\u00f6re her t\u00fcrl\u00fc deste\u011fe son verilmesi \u00e7a\u011fr\u0131s\u0131nda bulundular. Patrikler II Afram ve Yaz\u0131c\u0131 bug\u00fcn yay\u0131nlad\u0131klar\u0131 Paskalya mesaj\u0131nda; &hellip;<\/p>\n","protected":false},"author":1,"featured_media":111278,"comment_status":"closed","ping_status":"closed","sticky":false,"template":"","format":"standard","meta":{"footnotes":""},"categories":[458,459,17988],"tags":[29015],"class_list":["post-111275","post","type-post","status-publish","format-standard","has-post-thumbnail","","category-dunya1","category-haberler-arap-uluslararasi-politika","category-son-haberler","tag-patrikler-terore-destegin-kesilmesine-cagri-yaptilar"],"_links":{"self":[{"href":"https:\/\/archive.sana.sy\/tr\/index.php?rest_route=\/wp\/v2\/posts\/111275","targetHints":{"allow":["GET"]}}],"collection":[{"href":"https:\/\/archive.sana.sy\/tr\/index.php?rest_route=\/wp\/v2\/posts"}],"about":[{"href":"https:\/\/archive.sana.sy\/tr\/index.php?rest_route=\/wp\/v2\/types\/post"}],"author":[{"embeddable":true,"href":"https:\/\/archive.sana.sy\/tr\/index.php?rest_route=\/wp\/v2\/users\/1"}],"replies":[{"embeddable":true,"href":"https:\/\/archive.sana.sy\/tr\/index.php?rest_route=%2Fwp%2Fv2%2Fcomments&post=111275"}],"version-history":[{"count":0,"href":"https:\/\/archive.sana.sy\/tr\/index.php?rest_route=\/wp\/v2\/posts\/111275\/revisions"}],"wp:featuredmedia":[{"embeddable":true,"href":"https:\/\/archive.sana.sy\/tr\/index.php?rest_route=\/wp\/v2\/media\/111278"}],"wp:attachment":[{"href":"https:\/\/archive.sana.sy\/tr\/index.php?rest_route=%2Fwp%2Fv2%2Fmedia&parent=111275"}],"wp:term":[{"taxonomy":"category","embeddable":true,"href":"https:\/\/archive.sana.sy\/tr\/index.php?rest_route=%2Fwp%2Fv2%2Fcategories&post=111275"},{"taxonomy":"post_tag","embeddable":true,"href":"https:\/\/archive.sana.sy\/tr\/index.php?rest_route=%2Fwp%2Fv2%2Ftags&post=111275"}],"curies":[{"name":"wp","href":"https:\/\/api.w.org\/{rel}","templated":true}]}}