{"id":111277,"date":"2017-04-14T11:43:47","date_gmt":"2017-04-14T08:43:47","guid":{"rendered":"http:\/\/www.sana.sy\/tr\/?p=111277"},"modified":"2017-04-15T15:03:17","modified_gmt":"2017-04-15T12:03:17","slug":"lavrov-ve-wang-son-gelismeleri-degerlendirdi","status":"publish","type":"post","link":"https:\/\/archive.sana.sy\/tr\/?p=111277","title":{"rendered":"Lavrov ve Wang Son Geli\u015fmeleri De\u011ferlendirdi"},"content":{"rendered":"<p>MOSKOVA \u2013 Rusya D\u0131\u015fi\u015fleri Bakan\u0131 Sergey Lavrov bug\u00fcn \u00c7inli mevkida\u015f\u0131 Wang Yi ile bulundu\u011fu telefon g\u00f6r\u00fc\u015fmesinde; Suriye&#8217;deki krizin siyasi \u00e7\u00f6z\u00fcm\u00fc ve Kore Yar\u0131madas\u0131ndaki son geli\u015fmeleri g\u00f6r\u00fc\u015ft\u00fc.<\/p>\n<p>Rusya D\u0131\u015fi\u015fleri Bakanl\u0131\u011f\u0131 bug\u00fcn yay\u0131nlad\u0131\u011f\u0131 ve Tass Ajans\u0131n\u0131n aktard\u0131\u011f\u0131 b\u00fclteninde; Lavrov ve Wang\u2019\u0131n telefon g\u00f6r\u00fc\u015fmesinde ayr\u0131ca ikili g\u00f6r\u00fc\u015fmelerin g\u00fcndemini ele ald\u0131klar\u0131n\u0131 kaydetti.<\/p>\n","protected":false},"excerpt":{"rendered":"<p>MOSKOVA \u2013 Rusya D\u0131\u015fi\u015fleri Bakan\u0131 Sergey Lavrov bug\u00fcn \u00c7inli mevkida\u015f\u0131 Wang Yi ile bulundu\u011fu telefon g\u00f6r\u00fc\u015fmesinde; Suriye&#8217;deki krizin siyasi \u00e7\u00f6z\u00fcm\u00fc ve Kore Yar\u0131madas\u0131ndaki son geli\u015fmeleri g\u00f6r\u00fc\u015ft\u00fc. Rusya D\u0131\u015fi\u015fleri Bakanl\u0131\u011f\u0131 bug\u00fcn yay\u0131nlad\u0131\u011f\u0131 ve Tass Ajans\u0131n\u0131n aktard\u0131\u011f\u0131 b\u00fclteninde; Lavrov ve Wang\u2019\u0131n telefon g\u00f6r\u00fc\u015fmesinde ayr\u0131ca ikili g\u00f6r\u00fc\u015fmelerin g\u00fcndemini ele ald\u0131klar\u0131n\u0131 kaydetti.<\/p>\n","protected":false},"author":1,"featured_media":111280,"comment_status":"closed","ping_status":"closed","sticky":false,"template":"","format":"standard","meta":{"footnotes":""},"categories":[458,459,17988],"tags":[29016,29017],"class_list":["post-111277","post","type-post","status-publish","format-standard","has-post-thumbnail","","category-dunya1","category-haberler-arap-uluslararasi-politika","category-son-haberler","tag-lavrov-ve-wang-son-gelismeleri-degerlendirdi","tag-moskova-rusya-disisleri-bakani-sergey-lavrov-bugun-cinli-mevkidasi-wang-yi-ile-bulundugu-telefon-gorusmesinde-suriyedeki-krizin-siyasi-cozumu-ve-kore-yarimadasindaki-son-gelismeleri-gorust"],"_links":{"self":[{"href":"https:\/\/archive.sana.sy\/tr\/index.php?rest_route=\/wp\/v2\/posts\/111277","targetHints":{"allow":["GET"]}}],"collection":[{"href":"https:\/\/archive.sana.sy\/tr\/index.php?rest_route=\/wp\/v2\/posts"}],"about":[{"href":"https:\/\/archive.sana.sy\/tr\/index.php?rest_route=\/wp\/v2\/types\/post"}],"author":[{"embeddable":true,"href":"https:\/\/archive.sana.sy\/tr\/index.php?rest_route=\/wp\/v2\/users\/1"}],"replies":[{"embeddable":true,"href":"https:\/\/archive.sana.sy\/tr\/index.php?rest_route=%2Fwp%2Fv2%2Fcomments&post=111277"}],"version-history":[{"count":0,"href":"https:\/\/archive.sana.sy\/tr\/index.php?rest_route=\/wp\/v2\/posts\/111277\/revisions"}],"wp:featuredmedia":[{"embeddable":true,"href":"https:\/\/archive.sana.sy\/tr\/index.php?rest_route=\/wp\/v2\/media\/111280"}],"wp:attachment":[{"href":"https:\/\/archive.sana.sy\/tr\/index.php?rest_route=%2Fwp%2Fv2%2Fmedia&parent=111277"}],"wp:term":[{"taxonomy":"category","embeddable":true,"href":"https:\/\/archive.sana.sy\/tr\/index.php?rest_route=%2Fwp%2Fv2%2Fcategories&post=111277"},{"taxonomy":"post_tag","embeddable":true,"href":"https:\/\/archive.sana.sy\/tr\/index.php?rest_route=%2Fwp%2Fv2%2Ftags&post=111277"}],"curies":[{"name":"wp","href":"https:\/\/api.w.org\/{rel}","templated":true}]}}