{"id":111290,"date":"2017-04-15T09:24:38","date_gmt":"2017-04-15T06:24:38","guid":{"rendered":"http:\/\/www.sana.sy\/tr\/?p=111290"},"modified":"2017-04-15T13:26:05","modified_gmt":"2017-04-15T10:26:05","slug":"rusya-disisleri-bakani-sergey-lavrov-idlib-kirsali-han-seyhun-beldesinde-kimyasal-silah-kullanimina-iliskin-iddialarin-gerceginin-ortaya-cikarilmasi-icin-uluslararasi-kimyasal-silahlari-yasaklama-org","status":"publish","type":"post","link":"https:\/\/archive.sana.sy\/tr\/?p=111290","title":{"rendered":"Rusya D\u0131\u015fi\u015fleri Bakan\u0131 Sergey Lavrov; \u0130dlib k\u0131rsal\u0131 Han \u015eeyhun Beldesinde kimyasal silah kullan\u0131m\u0131na ili\u015fkin iddialar\u0131n ger\u00e7e\u011finin ortaya \u00e7\u0131kar\u0131lmas\u0131 i\u00e7in Uluslararas\u0131 Kimyasal Silahlar\u0131 Yasaklama \u00d6rg\u00fct\u00fc (OPCW) \u00e7at\u0131s\u0131 alt\u0131nda dengeli ve geni\u015f uluslar aras\u0131 bir komitenin te\u015fkil edilmesi gere\u011finde Rusya&#8217;n\u0131n \u0131srarl\u0131 oldu\u011funu belirtti."},"content":{"rendered":"<p>Rusya D\u0131\u015fi\u015fleri Bakan\u0131 Sergey Lavrov; \u0130dlib k\u0131rsal\u0131 Han \u015eeyhun Beldesinde kimyasal silah kullan\u0131m\u0131na ili\u015fkin iddialar\u0131n ger\u00e7e\u011finin ortaya \u00e7\u0131kar\u0131lmas\u0131 i\u00e7in Uluslararas\u0131 Kimyasal Silahlar\u0131 Yasaklama \u00d6rg\u00fct\u00fc (OPCW) \u00e7at\u0131s\u0131 alt\u0131nda dengeli ve geni\u015f uluslar aras\u0131 bir komitenin te\u015fkil edilmesi gere\u011finde Rusya&#8217;n\u0131n \u0131srarl\u0131 oldu\u011funu belirtti.<\/p>\n","protected":false},"excerpt":{"rendered":"<p>Rusya D\u0131\u015fi\u015fleri Bakan\u0131 Sergey Lavrov; \u0130dlib k\u0131rsal\u0131 Han \u015eeyhun Beldesinde kimyasal silah kullan\u0131m\u0131na ili\u015fkin iddialar\u0131n ger\u00e7e\u011finin ortaya \u00e7\u0131kar\u0131lmas\u0131 i\u00e7in Uluslararas\u0131 Kimyasal Silahlar\u0131 Yasaklama \u00d6rg\u00fct\u00fc (OPCW) \u00e7at\u0131s\u0131 alt\u0131nda dengeli ve geni\u015f uluslar aras\u0131 bir komitenin te\u015fkil edilmesi gere\u011finde Rusya&#8217;n\u0131n \u0131srarl\u0131 oldu\u011funu belirtti.<\/p>\n","protected":false},"author":1,"featured_media":0,"comment_status":"closed","ping_status":"closed","sticky":false,"template":"","format":"standard","meta":{"footnotes":""},"categories":[17991],"tags":[],"class_list":["post-111290","post","type-post","status-publish","format-standard","","category-son-dakika"],"_links":{"self":[{"href":"https:\/\/archive.sana.sy\/tr\/index.php?rest_route=\/wp\/v2\/posts\/111290","targetHints":{"allow":["GET"]}}],"collection":[{"href":"https:\/\/archive.sana.sy\/tr\/index.php?rest_route=\/wp\/v2\/posts"}],"about":[{"href":"https:\/\/archive.sana.sy\/tr\/index.php?rest_route=\/wp\/v2\/types\/post"}],"author":[{"embeddable":true,"href":"https:\/\/archive.sana.sy\/tr\/index.php?rest_route=\/wp\/v2\/users\/1"}],"replies":[{"embeddable":true,"href":"https:\/\/archive.sana.sy\/tr\/index.php?rest_route=%2Fwp%2Fv2%2Fcomments&post=111290"}],"version-history":[{"count":0,"href":"https:\/\/archive.sana.sy\/tr\/index.php?rest_route=\/wp\/v2\/posts\/111290\/revisions"}],"wp:attachment":[{"href":"https:\/\/archive.sana.sy\/tr\/index.php?rest_route=%2Fwp%2Fv2%2Fmedia&parent=111290"}],"wp:term":[{"taxonomy":"category","embeddable":true,"href":"https:\/\/archive.sana.sy\/tr\/index.php?rest_route=%2Fwp%2Fv2%2Fcategories&post=111290"},{"taxonomy":"post_tag","embeddable":true,"href":"https:\/\/archive.sana.sy\/tr\/index.php?rest_route=%2Fwp%2Fv2%2Ftags&post=111290"}],"curies":[{"name":"wp","href":"https:\/\/api.w.org\/{rel}","templated":true}]}}