{"id":111294,"date":"2017-04-15T13:35:15","date_gmt":"2017-04-15T10:35:15","guid":{"rendered":"http:\/\/www.sana.sy\/tr\/?p=111294"},"modified":"2017-04-16T15:12:31","modified_gmt":"2017-04-16T12:12:31","slug":"buyuk-cogunlugu-kadin-ve-cocuklardan-olusuyor","status":"publish","type":"post","link":"https:\/\/archive.sana.sy\/tr\/?p=111294","title":{"rendered":"B\u00fcy\u00fck \u00c7o\u011funlu\u011fu Kad\u0131n ve \u00c7ocuklardan Olu\u015fuyor"},"content":{"rendered":"<p>DEYREZZOR \u2013 Tekfirci ve vatan haini ter\u00f6ristlerin masum sivil insanlara sald\u0131r\u0131lar\u0131nda bug\u00fcn yine onlarca vatanda\u015f isabet ald\u0131.<\/p>\n<p>Deyrezzor Valili\u011finde bir kaynak SANA\u2019ya a\u00e7\u0131klamalar\u0131nda; I\u015e\u0130D ter\u00f6r \u00f6rg\u00fct\u00fcn\u00fcn bug\u00fcn Deyrezzor Kentinin Cura ve Kusur semtlerinde sivil yerle\u015fim alanlar\u0131na bombal\u0131 insans\u0131z hava ara\u00e7lar\u0131 ve f\u00fczelerle sald\u0131rd\u0131\u011f\u0131n\u0131 aktard\u0131.<\/p>\n<p>Kaynak sald\u0131r\u0131larda b\u00fcy\u00fck \u00e7o\u011funlu\u011fu \u00e7ocuk ve kad\u0131nlardan ibaret olan, bir k\u0131sm\u0131n\u0131n da durumu a\u011f\u0131r olan 29 vatanda\u015f\u0131n yaraland\u0131\u011f\u0131n\u0131 vurgulad\u0131.<\/p>\n","protected":false},"excerpt":{"rendered":"<p>DEYREZZOR \u2013 Tekfirci ve vatan haini ter\u00f6ristlerin masum sivil insanlara sald\u0131r\u0131lar\u0131nda bug\u00fcn yine onlarca vatanda\u015f isabet ald\u0131. Deyrezzor Valili\u011finde bir kaynak SANA\u2019ya a\u00e7\u0131klamalar\u0131nda; I\u015e\u0130D ter\u00f6r \u00f6rg\u00fct\u00fcn\u00fcn bug\u00fcn Deyrezzor Kentinin Cura ve Kusur semtlerinde sivil yerle\u015fim alanlar\u0131na bombal\u0131 insans\u0131z hava ara\u00e7lar\u0131 ve f\u00fczelerle sald\u0131rd\u0131\u011f\u0131n\u0131 aktard\u0131. Kaynak sald\u0131r\u0131larda b\u00fcy\u00fck \u00e7o\u011funlu\u011fu \u00e7ocuk ve kad\u0131nlardan ibaret olan, bir k\u0131sm\u0131n\u0131n &hellip;<\/p>\n","protected":false},"author":1,"featured_media":111296,"comment_status":"closed","ping_status":"closed","sticky":false,"template":"","format":"standard","meta":{"footnotes":""},"categories":[479,575,17988,478],"tags":[3464,18237,18576,18577,17274,5010,2318,18347,18174,23837,19043,19034],"class_list":["post-111294","post","type-post","status-publish","format-standard","has-post-thumbnail","","category-haberler-yerel","category-olaylar-ve-gercekler","category-son-haberler","category-yerel","tag-nusra-cephesi","tag-cihatcilar","tag-daes","tag-deas","tag-fuze-saldirisi","tag-havan-saldirilari","tag-isid","tag-oso","tag-sivillere-saldiri","tag-suriye-gercekleri","tag-suriyede-son-durum","tag-suriyeli-muhalifler"],"_links":{"self":[{"href":"https:\/\/archive.sana.sy\/tr\/index.php?rest_route=\/wp\/v2\/posts\/111294","targetHints":{"allow":["GET"]}}],"collection":[{"href":"https:\/\/archive.sana.sy\/tr\/index.php?rest_route=\/wp\/v2\/posts"}],"about":[{"href":"https:\/\/archive.sana.sy\/tr\/index.php?rest_route=\/wp\/v2\/types\/post"}],"author":[{"embeddable":true,"href":"https:\/\/archive.sana.sy\/tr\/index.php?rest_route=\/wp\/v2\/users\/1"}],"replies":[{"embeddable":true,"href":"https:\/\/archive.sana.sy\/tr\/index.php?rest_route=%2Fwp%2Fv2%2Fcomments&post=111294"}],"version-history":[{"count":0,"href":"https:\/\/archive.sana.sy\/tr\/index.php?rest_route=\/wp\/v2\/posts\/111294\/revisions"}],"wp:featuredmedia":[{"embeddable":true,"href":"https:\/\/archive.sana.sy\/tr\/index.php?rest_route=\/wp\/v2\/media\/111296"}],"wp:attachment":[{"href":"https:\/\/archive.sana.sy\/tr\/index.php?rest_route=%2Fwp%2Fv2%2Fmedia&parent=111294"}],"wp:term":[{"taxonomy":"category","embeddable":true,"href":"https:\/\/archive.sana.sy\/tr\/index.php?rest_route=%2Fwp%2Fv2%2Fcategories&post=111294"},{"taxonomy":"post_tag","embeddable":true,"href":"https:\/\/archive.sana.sy\/tr\/index.php?rest_route=%2Fwp%2Fv2%2Ftags&post=111294"}],"curies":[{"name":"wp","href":"https:\/\/api.w.org\/{rel}","templated":true}]}}