{"id":111295,"date":"2017-04-15T08:33:56","date_gmt":"2017-04-15T05:33:56","guid":{"rendered":"http:\/\/www.sana.sy\/tr\/?p=111295"},"modified":"2017-04-15T13:35:56","modified_gmt":"2017-04-15T10:35:56","slug":"deyrezzor-valiliginde-bir-kaynak-sanaya-aciklamalarinda-isid-teror-orgutunun-bugun-deyrezzor-kentinin-cura-ve-kusur-semtlerinde-sivil-yerlesim-alanlarina-bombali-insansiz-hava-araclari-ve-fu","status":"publish","type":"post","link":"https:\/\/archive.sana.sy\/tr\/?p=111295","title":{"rendered":"Deyrezzor Valili\u011finde bir kaynak SANA\u2019ya a\u00e7\u0131klamalar\u0131nda; I\u015e\u0130D ter\u00f6r \u00f6rg\u00fct\u00fcn\u00fcn bug\u00fcn Deyrezzor Kentinin Cura ve Kusur semtlerinde sivil yerle\u015fim alanlar\u0131na bombal\u0131 insans\u0131z hava ara\u00e7lar\u0131 ve f\u00fczelerle sald\u0131rd\u0131\u011f\u0131n\u0131 aktard\u0131"},"content":{"rendered":"<p>Deyrezzor Valili\u011finde bir kaynak SANA\u2019ya a\u00e7\u0131klamalar\u0131nda; I\u015e\u0130D ter\u00f6r \u00f6rg\u00fct\u00fcn\u00fcn bug\u00fcn Deyrezzor Kentinin Cura ve Kusur semtlerinde sivil yerle\u015fim alanlar\u0131na bombal\u0131 insans\u0131z hava ara\u00e7lar\u0131 ve f\u00fczelerle sald\u0131rd\u0131\u011f\u0131n\u0131 aktard\u0131<\/p>\n","protected":false},"excerpt":{"rendered":"<p>Deyrezzor Valili\u011finde bir kaynak SANA\u2019ya a\u00e7\u0131klamalar\u0131nda; I\u015e\u0130D ter\u00f6r \u00f6rg\u00fct\u00fcn\u00fcn bug\u00fcn Deyrezzor Kentinin Cura ve Kusur semtlerinde sivil yerle\u015fim alanlar\u0131na bombal\u0131 insans\u0131z hava ara\u00e7lar\u0131 ve f\u00fczelerle sald\u0131rd\u0131\u011f\u0131n\u0131 aktard\u0131<\/p>\n","protected":false},"author":1,"featured_media":0,"comment_status":"closed","ping_status":"closed","sticky":false,"template":"","format":"standard","meta":{"footnotes":""},"categories":[17991],"tags":[],"class_list":["post-111295","post","type-post","status-publish","format-standard","","category-son-dakika"],"_links":{"self":[{"href":"https:\/\/archive.sana.sy\/tr\/index.php?rest_route=\/wp\/v2\/posts\/111295","targetHints":{"allow":["GET"]}}],"collection":[{"href":"https:\/\/archive.sana.sy\/tr\/index.php?rest_route=\/wp\/v2\/posts"}],"about":[{"href":"https:\/\/archive.sana.sy\/tr\/index.php?rest_route=\/wp\/v2\/types\/post"}],"author":[{"embeddable":true,"href":"https:\/\/archive.sana.sy\/tr\/index.php?rest_route=\/wp\/v2\/users\/1"}],"replies":[{"embeddable":true,"href":"https:\/\/archive.sana.sy\/tr\/index.php?rest_route=%2Fwp%2Fv2%2Fcomments&post=111295"}],"version-history":[{"count":0,"href":"https:\/\/archive.sana.sy\/tr\/index.php?rest_route=\/wp\/v2\/posts\/111295\/revisions"}],"wp:attachment":[{"href":"https:\/\/archive.sana.sy\/tr\/index.php?rest_route=%2Fwp%2Fv2%2Fmedia&parent=111295"}],"wp:term":[{"taxonomy":"category","embeddable":true,"href":"https:\/\/archive.sana.sy\/tr\/index.php?rest_route=%2Fwp%2Fv2%2Fcategories&post=111295"},{"taxonomy":"post_tag","embeddable":true,"href":"https:\/\/archive.sana.sy\/tr\/index.php?rest_route=%2Fwp%2Fv2%2Ftags&post=111295"}],"curies":[{"name":"wp","href":"https:\/\/api.w.org\/{rel}","templated":true}]}}