{"id":111300,"date":"2017-04-15T16:16:04","date_gmt":"2017-04-15T13:16:04","guid":{"rendered":"http:\/\/www.sana.sy\/tr\/?p=111300"},"modified":"2017-04-15T16:22:27","modified_gmt":"2017-04-15T13:22:27","slug":"eli-kanli-teroristler-idlib-kirsali-fua-ve-kefrayya-beldelerinden-kurtarilan-sivil-insanlari-tasiyan-otobuslerin-toplandiklari-yerde-bombali-eylem-duzenledi","status":"publish","type":"post","link":"https:\/\/archive.sana.sy\/tr\/?p=111300","title":{"rendered":"Eli kanl\u0131 ter\u00f6ristler; \u0130dlib k\u0131rsal\u0131 Fua ve Kefrayya Beldelerinden kurtar\u0131lan sivil insanlar\u0131 ta\u015f\u0131yan otob\u00fcslerin topland\u0131klar\u0131 yerde bombal\u0131 eylem d\u00fczenledi"},"content":{"rendered":"<p>Eli kanl\u0131 ter\u00f6ristler; \u0130dlib k\u0131rsal\u0131 Fua ve Kefrayya Beldelerinden kurtar\u0131lan sivil insanlar\u0131 ta\u015f\u0131yan otob\u00fcslerin topland\u0131klar\u0131 yerde bombal\u0131 eylem d\u00fczenledi<\/p>\n","protected":false},"excerpt":{"rendered":"<p>Eli kanl\u0131 ter\u00f6ristler; \u0130dlib k\u0131rsal\u0131 Fua ve Kefrayya Beldelerinden kurtar\u0131lan sivil insanlar\u0131 ta\u015f\u0131yan otob\u00fcslerin topland\u0131klar\u0131 yerde bombal\u0131 eylem d\u00fczenledi<\/p>\n","protected":false},"author":1,"featured_media":0,"comment_status":"closed","ping_status":"closed","sticky":false,"template":"","format":"standard","meta":{"footnotes":""},"categories":[17991],"tags":[],"class_list":["post-111300","post","type-post","status-publish","format-standard","","category-son-dakika"],"_links":{"self":[{"href":"https:\/\/archive.sana.sy\/tr\/index.php?rest_route=\/wp\/v2\/posts\/111300","targetHints":{"allow":["GET"]}}],"collection":[{"href":"https:\/\/archive.sana.sy\/tr\/index.php?rest_route=\/wp\/v2\/posts"}],"about":[{"href":"https:\/\/archive.sana.sy\/tr\/index.php?rest_route=\/wp\/v2\/types\/post"}],"author":[{"embeddable":true,"href":"https:\/\/archive.sana.sy\/tr\/index.php?rest_route=\/wp\/v2\/users\/1"}],"replies":[{"embeddable":true,"href":"https:\/\/archive.sana.sy\/tr\/index.php?rest_route=%2Fwp%2Fv2%2Fcomments&post=111300"}],"version-history":[{"count":0,"href":"https:\/\/archive.sana.sy\/tr\/index.php?rest_route=\/wp\/v2\/posts\/111300\/revisions"}],"wp:attachment":[{"href":"https:\/\/archive.sana.sy\/tr\/index.php?rest_route=%2Fwp%2Fv2%2Fmedia&parent=111300"}],"wp:term":[{"taxonomy":"category","embeddable":true,"href":"https:\/\/archive.sana.sy\/tr\/index.php?rest_route=%2Fwp%2Fv2%2Fcategories&post=111300"},{"taxonomy":"post_tag","embeddable":true,"href":"https:\/\/archive.sana.sy\/tr\/index.php?rest_route=%2Fwp%2Fv2%2Ftags&post=111300"}],"curies":[{"name":"wp","href":"https:\/\/api.w.org\/{rel}","templated":true}]}}