{"id":111303,"date":"2017-04-15T16:25:29","date_gmt":"2017-04-15T13:25:29","guid":{"rendered":"http:\/\/www.sana.sy\/tr\/?p=111303"},"modified":"2017-04-16T15:12:14","modified_gmt":"2017-04-16T12:12:14","slug":"gercekleri-desifre-etmede-gurbetcilerin-rolu-onemlidir","status":"publish","type":"post","link":"https:\/\/archive.sana.sy\/tr\/?p=111303","title":{"rendered":"Ger\u00e7ekleri De\u015fifre Etmede Gurbet\u00e7ilerin Rol\u00fc \u00d6nemlidir"},"content":{"rendered":"<p>MOSKOVA \u2013 Moskova&#8217;ya i\u015f gezisi kapsam\u0131nda bug\u00fcn Rusya&#8217;da ya\u015fayan Suriyeli gurbet\u00e7iler ile bir araya gelen Halk Meclisi Ba\u015fkan\u0131 Hediye Abbas; Suriye ve halk\u0131n\u0131n maruz kald\u0131\u011f\u0131 sava\u015f\u0131n ger\u00e7e\u011finin ayd\u0131nlat\u0131lmas\u0131nda gurbet\u00e7ilerin rol\u00fcne vurgu yapt\u0131.<\/p>\n<p><a href=\"http:\/\/www.sana.sy\/tr\/wp-content\/uploads\/2017\/04\/Abbas-2.jpg\"><img loading=\"lazy\" decoding=\"async\" class=\"alignright wp-image-111309 size-medium\" src=\"http:\/\/www.sana.sy\/tr\/wp-content\/uploads\/2017\/04\/Abbas-2-300x175.jpg\" alt=\"\" width=\"300\" height=\"175\" srcset=\"https:\/\/archive.sana.sy\/tr\/wp-content\/uploads\/2017\/04\/Abbas-2-300x175.jpg 300w, https:\/\/archive.sana.sy\/tr\/wp-content\/uploads\/2017\/04\/Abbas-2-150x88.jpg 150w, https:\/\/archive.sana.sy\/tr\/wp-content\/uploads\/2017\/04\/Abbas-2-768x448.jpg 768w, https:\/\/archive.sana.sy\/tr\/wp-content\/uploads\/2017\/04\/Abbas-2-1024x598.jpg 1024w, https:\/\/archive.sana.sy\/tr\/wp-content\/uploads\/2017\/04\/Abbas-2.jpg 1199w\" sizes=\"auto, (max-width: 300px) 100vw, 300px\" \/><\/a>Kendisine e\u015flik eden parlamenter heyet ile birlikte Suriye&#8217;nin Moskova B\u00fcy\u00fckel\u00e7ili\u011fi binas\u0131nda ger\u00e7ekle\u015fen g\u00f6r\u00fc\u015fmede Abbas; Suriye ve halk\u0131n\u0131n maruz kald\u0131\u011f\u0131 bu sava\u015fta ger\u00e7eklerin \u00e7arp\u0131t\u0131lmas\u0131 ve d\u00fcnya halklar\u0131n\u0131n kand\u0131r\u0131lmas\u0131n\u0131n \u00f6n\u00fcne ge\u00e7ilmesi i\u00e7in ger\u00e7eklerin tarafs\u0131z ve d\u00fcr\u00fcst bir \u015fekilde aktar\u0131lmas\u0131 gerekti\u011fini ifade etti. Abbas bu ter\u00f6r ve ter\u00f6re \u00f6rt\u00fc ama\u00e7l\u0131 olarak kullan\u0131lan terimleri de\u015fifre etmenin gere\u011fini vurgulad\u0131.<\/p>\n<p>Meclis Ba\u015fkan\u0131 Abbas; \u2018Suriye muhalefeti\u2019 olarak adland\u0131r\u0131lan olu\u015fumlar\u0131n b\u00fcy\u00fck bir k\u0131sm\u0131n\u0131n d\u0131\u015f g\u00fc\u00e7lere hizmet ettiklerine vurgu yaparken, hi\u00e7bir devlette muhalefetin silahl\u0131 olmas\u0131, devlet kurumlar\u0131, hizmet altyap\u0131s\u0131 ve sivillere kar\u015f\u0131 ter\u00f6r eylemleri d\u00fczenlemesinin kabul edilemez oldu\u011funun alt\u0131n\u0131 \u00e7izdi.<\/p>\n<p>Abbas gurbet\u00e7ilerin Suriye&#8217;nin yeniden yap\u0131land\u0131r\u0131lmas\u0131 ve kalk\u0131nmas\u0131 s\u00fcrecinde de \u00f6nemli bir katk\u0131 sa\u011flayabileceklerini vurgularken, bu konuda \u00fcstlerine d\u00fc\u015fen rol\u00fc \u00fcstlenmelerine davet etti.<\/p>\n","protected":false},"excerpt":{"rendered":"<p>MOSKOVA \u2013 Moskova&#8217;ya i\u015f gezisi kapsam\u0131nda bug\u00fcn Rusya&#8217;da ya\u015fayan Suriyeli gurbet\u00e7iler ile bir araya gelen Halk Meclisi Ba\u015fkan\u0131 Hediye Abbas; Suriye ve halk\u0131n\u0131n maruz kald\u0131\u011f\u0131 sava\u015f\u0131n ger\u00e7e\u011finin ayd\u0131nlat\u0131lmas\u0131nda gurbet\u00e7ilerin rol\u00fcne vurgu yapt\u0131. Kendisine e\u015flik eden parlamenter heyet ile birlikte Suriye&#8217;nin Moskova B\u00fcy\u00fckel\u00e7ili\u011fi binas\u0131nda ger\u00e7ekle\u015fen g\u00f6r\u00fc\u015fmede Abbas; Suriye ve halk\u0131n\u0131n maruz kald\u0131\u011f\u0131 bu sava\u015fta ger\u00e7eklerin \u00e7arp\u0131t\u0131lmas\u0131 &hellip;<\/p>\n","protected":false},"author":1,"featured_media":111308,"comment_status":"closed","ping_status":"closed","sticky":false,"template":"","format":"standard","meta":{"footnotes":""},"categories":[458,459,17988],"tags":[29023],"class_list":["post-111303","post","type-post","status-publish","format-standard","has-post-thumbnail","","category-dunya1","category-haberler-arap-uluslararasi-politika","category-son-haberler","tag-gercekleri-desifre-etmede-gurbetcilerin-rolu-onemlidir"],"_links":{"self":[{"href":"https:\/\/archive.sana.sy\/tr\/index.php?rest_route=\/wp\/v2\/posts\/111303","targetHints":{"allow":["GET"]}}],"collection":[{"href":"https:\/\/archive.sana.sy\/tr\/index.php?rest_route=\/wp\/v2\/posts"}],"about":[{"href":"https:\/\/archive.sana.sy\/tr\/index.php?rest_route=\/wp\/v2\/types\/post"}],"author":[{"embeddable":true,"href":"https:\/\/archive.sana.sy\/tr\/index.php?rest_route=\/wp\/v2\/users\/1"}],"replies":[{"embeddable":true,"href":"https:\/\/archive.sana.sy\/tr\/index.php?rest_route=%2Fwp%2Fv2%2Fcomments&post=111303"}],"version-history":[{"count":0,"href":"https:\/\/archive.sana.sy\/tr\/index.php?rest_route=\/wp\/v2\/posts\/111303\/revisions"}],"wp:featuredmedia":[{"embeddable":true,"href":"https:\/\/archive.sana.sy\/tr\/index.php?rest_route=\/wp\/v2\/media\/111308"}],"wp:attachment":[{"href":"https:\/\/archive.sana.sy\/tr\/index.php?rest_route=%2Fwp%2Fv2%2Fmedia&parent=111303"}],"wp:term":[{"taxonomy":"category","embeddable":true,"href":"https:\/\/archive.sana.sy\/tr\/index.php?rest_route=%2Fwp%2Fv2%2Fcategories&post=111303"},{"taxonomy":"post_tag","embeddable":true,"href":"https:\/\/archive.sana.sy\/tr\/index.php?rest_route=%2Fwp%2Fv2%2Ftags&post=111303"}],"curies":[{"name":"wp","href":"https:\/\/api.w.org\/{rel}","templated":true}]}}