{"id":111304,"date":"2017-04-15T16:20:19","date_gmt":"2017-04-15T13:20:19","guid":{"rendered":"http:\/\/www.sana.sy\/tr\/?p=111304"},"modified":"2017-04-16T15:18:44","modified_gmt":"2017-04-16T12:18:44","slug":"ozel-sekter-kamu-sektorunun-temel-ortagidir","status":"publish","type":"post","link":"https:\/\/archive.sana.sy\/tr\/?p=111304","title":{"rendered":"\u00d6zel Sekter Kamu Sekt\u00f6r\u00fcn\u00fcn Temel Orta\u011f\u0131d\u0131r"},"content":{"rendered":"<p>TARTUS \u2013 H\u00fck\u00fcmet heyetinin ba\u015f\u0131nda Tartus \u0130line i\u015f ziyaretinde bulunan Ba\u015fbakan \u0130mad Hamis bug\u00fcn il genelinde ekonomik faaliyet temsilcileri ile bir araya geldi.<\/p>\n<p><a href=\"http:\/\/www.sana.sy\/tr\/wp-content\/uploads\/2017\/04\/Hamis-1-1.jpg\"><img loading=\"lazy\" decoding=\"async\" class=\"alignright wp-image-111369 size-medium\" src=\"http:\/\/www.sana.sy\/tr\/wp-content\/uploads\/2017\/04\/Hamis-1-1-300x200.jpg\" alt=\"\" width=\"300\" height=\"200\" srcset=\"https:\/\/archive.sana.sy\/tr\/wp-content\/uploads\/2017\/04\/Hamis-1-1-300x200.jpg 300w, https:\/\/archive.sana.sy\/tr\/wp-content\/uploads\/2017\/04\/Hamis-1-1-150x100.jpg 150w, https:\/\/archive.sana.sy\/tr\/wp-content\/uploads\/2017\/04\/Hamis-1-1-768x512.jpg 768w, https:\/\/archive.sana.sy\/tr\/wp-content\/uploads\/2017\/04\/Hamis-1-1-1024x682.jpg 1024w, https:\/\/archive.sana.sy\/tr\/wp-content\/uploads\/2017\/04\/Hamis-1-1.jpg 1280w\" sizes=\"auto, (max-width: 300px) 100vw, 300px\" \/><\/a>G\u00f6r\u00fc\u015fmede Hamis \u00f6zel sekt\u00f6r\u00fcn, yeniden yap\u0131lanma ve kalk\u0131nma s\u00fcrecinde kamu kurumlar\u0131n\u0131n temel bir orta\u011f\u0131n\u0131 te\u015fkil etti\u011fini vurgulad\u0131. Hamis bu zor ko\u015fullar alt\u0131nda \u00f6zel sekt\u00f6r\u00fcn rol\u00fcn\u00fc canland\u0131rman\u0131n ka\u00e7\u0131n\u0131lmaz odlu\u011funu ifade ederken, dolay\u0131s\u0131yla h\u00fck\u00fcmetin bu sekt\u00f6re gereken her t\u00fcrl\u00fc deste\u011fi temin etme \u00f6zeninde oldu\u011funu kaydetti.<\/p>\n<p>Kiriz ko\u015fullar\u0131ndan bir k\u0131s\u0131m derslerin al\u0131nmas\u0131 \u00f6nemine i\u015faret eden Hamis; bu derslerin ba\u015f\u0131ndan da kendine yeterlili\u011fin sa\u011flanmas\u0131 gere\u011fi yer ald\u0131\u011f\u0131na dikkat \u00e7ekti. Hamis ge\u00e7en t\u00fcm s\u00fcre i\u00e7inde ihtiyatlara dokunulmadan kaynaklar\u0131n temin edildi\u011fini belirtirken, h\u00fck\u00fcmetin bu s\u00fcre\u00e7 i\u00e7inde temel \u00f6nceli\u011finin \u00fcretimsel ve kalk\u0131nsal s\u00fcreci d\u00fczeltip yoluna koymak oldu\u011funu belirtti.<\/p>\n<p>Ba\u015fbakan Hamis ba\u015fkanl\u0131\u011f\u0131ndaki h\u00fck\u00fcmet heyeti Tartus \u0130linin Kadmus B\u00f6lgesini de ziyaret ederek, k\u0131rsaldaki belde ve k\u00f6ylerde \u015fehit aileleri ve gazilerimizi ziyaret etti. Ayn\u0131 zamanda Kadmus\u2019ta \u015fehit aileleri ve gazilerimizden 81 kahraman\u0131m\u0131za izaz ama\u00e7l\u0131 olarak bir faaliyette bulundu.<\/p>\n<div id='gallery-1' class='gallery galleryid-111304 gallery-columns-3 gallery-size-thumbnail'><figure class='gallery-item'>\n\t\t\t<div class='gallery-icon landscape'>\n\t\t\t\t<a href='https:\/\/archive.sana.sy\/tr\/wp-content\/uploads\/2017\/04\/Hamis-2.jpg'><img loading=\"lazy\" decoding=\"async\" width=\"150\" height=\"102\" src=\"https:\/\/archive.sana.sy\/tr\/wp-content\/uploads\/2017\/04\/Hamis-2-150x102.jpg\" class=\"attachment-thumbnail size-thumbnail\" alt=\"\" srcset=\"https:\/\/archive.sana.sy\/tr\/wp-content\/uploads\/2017\/04\/Hamis-2-150x102.jpg 150w, https:\/\/archive.sana.sy\/tr\/wp-content\/uploads\/2017\/04\/Hamis-2-300x205.jpg 300w, https:\/\/archive.sana.sy\/tr\/wp-content\/uploads\/2017\/04\/Hamis-2-768x525.jpg 768w, https:\/\/archive.sana.sy\/tr\/wp-content\/uploads\/2017\/04\/Hamis-2-1024x699.jpg 1024w, https:\/\/archive.sana.sy\/tr\/wp-content\/uploads\/2017\/04\/Hamis-2-110x75.jpg 110w, https:\/\/archive.sana.sy\/tr\/wp-content\/uploads\/2017\/04\/Hamis-2.jpg 1205w\" sizes=\"auto, (max-width: 150px) 100vw, 150px\" \/><\/a>\n\t\t\t<\/div><\/figure><figure class='gallery-item'>\n\t\t\t<div class='gallery-icon landscape'>\n\t\t\t\t<a href='https:\/\/archive.sana.sy\/tr\/wp-content\/uploads\/2017\/04\/Hamis-3.jpg'><img loading=\"lazy\" decoding=\"async\" width=\"150\" height=\"91\" src=\"https:\/\/archive.sana.sy\/tr\/wp-content\/uploads\/2017\/04\/Hamis-3-150x91.jpg\" class=\"attachment-thumbnail size-thumbnail\" alt=\"\" srcset=\"https:\/\/archive.sana.sy\/tr\/wp-content\/uploads\/2017\/04\/Hamis-3-150x91.jpg 150w, https:\/\/archive.sana.sy\/tr\/wp-content\/uploads\/2017\/04\/Hamis-3-300x181.jpg 300w, https:\/\/archive.sana.sy\/tr\/wp-content\/uploads\/2017\/04\/Hamis-3-768x464.jpg 768w, https:\/\/archive.sana.sy\/tr\/wp-content\/uploads\/2017\/04\/Hamis-3-1024x618.jpg 1024w, https:\/\/archive.sana.sy\/tr\/wp-content\/uploads\/2017\/04\/Hamis-3.jpg 1115w\" sizes=\"auto, (max-width: 150px) 100vw, 150px\" \/><\/a>\n\t\t\t<\/div><\/figure><figure class='gallery-item'>\n\t\t\t<div class='gallery-icon landscape'>\n\t\t\t\t<a href='https:\/\/archive.sana.sy\/tr\/wp-content\/uploads\/2017\/04\/Hamis-4.jpg'><img loading=\"lazy\" decoding=\"async\" width=\"150\" height=\"100\" src=\"https:\/\/archive.sana.sy\/tr\/wp-content\/uploads\/2017\/04\/Hamis-4-150x100.jpg\" class=\"attachment-thumbnail size-thumbnail\" alt=\"\" srcset=\"https:\/\/archive.sana.sy\/tr\/wp-content\/uploads\/2017\/04\/Hamis-4-150x100.jpg 150w, https:\/\/archive.sana.sy\/tr\/wp-content\/uploads\/2017\/04\/Hamis-4-300x200.jpg 300w, https:\/\/archive.sana.sy\/tr\/wp-content\/uploads\/2017\/04\/Hamis-4-768x512.jpg 768w, https:\/\/archive.sana.sy\/tr\/wp-content\/uploads\/2017\/04\/Hamis-4-1024x682.jpg 1024w, https:\/\/archive.sana.sy\/tr\/wp-content\/uploads\/2017\/04\/Hamis-4-310x205.jpg 310w, https:\/\/archive.sana.sy\/tr\/wp-content\/uploads\/2017\/04\/Hamis-4.jpg 1280w\" sizes=\"auto, (max-width: 150px) 100vw, 150px\" \/><\/a>\n\t\t\t<\/div><\/figure>\n\t\t<\/div>\n\n","protected":false},"excerpt":{"rendered":"<p>TARTUS \u2013 H\u00fck\u00fcmet heyetinin ba\u015f\u0131nda Tartus \u0130line i\u015f ziyaretinde bulunan Ba\u015fbakan \u0130mad Hamis bug\u00fcn il genelinde ekonomik faaliyet temsilcileri ile bir araya geldi. G\u00f6r\u00fc\u015fmede Hamis \u00f6zel sekt\u00f6r\u00fcn, yeniden yap\u0131lanma ve kalk\u0131nma s\u00fcrecinde kamu kurumlar\u0131n\u0131n temel bir orta\u011f\u0131n\u0131 te\u015fkil etti\u011fini vurgulad\u0131. Hamis bu zor ko\u015fullar alt\u0131nda \u00f6zel sekt\u00f6r\u00fcn rol\u00fcn\u00fc canland\u0131rman\u0131n ka\u00e7\u0131n\u0131lmaz odlu\u011funu ifade ederken, dolay\u0131s\u0131yla h\u00fck\u00fcmetin &hellip;<\/p>\n","protected":false},"author":1,"featured_media":111368,"comment_status":"closed","ping_status":"closed","sticky":false,"template":"","format":"standard","meta":{"footnotes":""},"categories":[485,486,479,17988,478],"tags":[29021,29022],"class_list":["post-111304","post","type-post","status-publish","format-standard","has-post-thumbnail","","category-is-ve-sermaye","category-haberler-is-ve-sermaye","category-haberler-yerel","category-son-haberler","category-yerel","tag-ozel-sekter-kamu-sektorunun-temel-ortagidir","tag-tartus-hukumet-heyetinin-basinda-tartus-iline-is-ziyaretinde-bulunan-basbakan-imad-hamis-bugun-il-genelinde-ekonomik-faaliyet-temsilcileri-ile-bir-araya-geldi"],"_links":{"self":[{"href":"https:\/\/archive.sana.sy\/tr\/index.php?rest_route=\/wp\/v2\/posts\/111304","targetHints":{"allow":["GET"]}}],"collection":[{"href":"https:\/\/archive.sana.sy\/tr\/index.php?rest_route=\/wp\/v2\/posts"}],"about":[{"href":"https:\/\/archive.sana.sy\/tr\/index.php?rest_route=\/wp\/v2\/types\/post"}],"author":[{"embeddable":true,"href":"https:\/\/archive.sana.sy\/tr\/index.php?rest_route=\/wp\/v2\/users\/1"}],"replies":[{"embeddable":true,"href":"https:\/\/archive.sana.sy\/tr\/index.php?rest_route=%2Fwp%2Fv2%2Fcomments&post=111304"}],"version-history":[{"count":0,"href":"https:\/\/archive.sana.sy\/tr\/index.php?rest_route=\/wp\/v2\/posts\/111304\/revisions"}],"wp:featuredmedia":[{"embeddable":true,"href":"https:\/\/archive.sana.sy\/tr\/index.php?rest_route=\/wp\/v2\/media\/111368"}],"wp:attachment":[{"href":"https:\/\/archive.sana.sy\/tr\/index.php?rest_route=%2Fwp%2Fv2%2Fmedia&parent=111304"}],"wp:term":[{"taxonomy":"category","embeddable":true,"href":"https:\/\/archive.sana.sy\/tr\/index.php?rest_route=%2Fwp%2Fv2%2Fcategories&post=111304"},{"taxonomy":"post_tag","embeddable":true,"href":"https:\/\/archive.sana.sy\/tr\/index.php?rest_route=%2Fwp%2Fv2%2Ftags&post=111304"}],"curies":[{"name":"wp","href":"https:\/\/api.w.org\/{rel}","templated":true}]}}