{"id":111441,"date":"2017-04-17T10:00:44","date_gmt":"2017-04-17T07:00:44","guid":{"rendered":"http:\/\/www.sana.sy\/tr\/?p=111441"},"modified":"2017-04-18T15:24:18","modified_gmt":"2017-04-18T12:24:18","slug":"hava-kargosu-ihracata-onemli-destek-temin-etti","status":"publish","type":"post","link":"https:\/\/archive.sana.sy\/tr\/?p=111441","title":{"rendered":"Hava Kargosu \u0130hracata \u00d6nemli Destek Temin Etti"},"content":{"rendered":"<p>\u015eAM \u2013 Hava kargosunun yerel \u00fcretime deste\u011finin ilk sonucu olarak Irak\u2019a 100 ton, daha ba\u015fka muhtelif devletlere de 300 ton giyim ihracat\u0131 yap\u0131ld\u0131.<\/p>\n<p>Yerel \u00dcretim ve \u0130hracat\u0131 Kalk\u0131nd\u0131rma Kurumu Genel M\u00fcd\u00fcr\u00fc el Mehdi el Dali; hava kargosunun yerel \u00fcretimin ihracat\u0131n\u0131n kalk\u0131nd\u0131r\u0131lmas\u0131nda katk\u0131s\u0131n\u0131n bir g\u00f6stergesi olarak \u015fu ana dek Irak\u2019a 100 ton, daha ba\u015fka devletlere de 300 ton giyim ihra\u00e7 edildi\u011fini a\u00e7\u0131klad\u0131. Dali bu ihracat\u0131n k\u0131sa bir s\u00fcre \u00f6nce d\u00fczenlenen Han el Harir ve Syria Mod fuarlar\u0131 s\u0131ras\u0131nda yabanc\u0131 i\u015fadamlar\u0131 ve \u015firketlerle imzalanan s\u00f6zle\u015fmeler kapsam\u0131nda geldi\u011fine dikkat \u00e7ekti.<\/p>\n<p>\u0130hra\u00e7 edilecek bu giyim miktar\u0131n\u0131n \u00fcretiminde temin etti\u011fi i\u015f f\u0131rsatlar\u0131na dikkat \u00e7eken Dali; h\u00fck\u00fcmetin bu konuda gereken her t\u00fcrl\u00fc deste\u011fi sa\u011flad\u0131\u011f\u0131n\u0131 kaydetti.<\/p>\n<p>Dali kamu kurumunun bu y\u0131l ihracat\u0131 kalk\u0131nd\u0131rma amac\u0131yla deniz ve hava nakliyesine 1,370 milyar olmak \u00fczere toplam 2,620 milyar lira b\u00fct\u00e7e ay\u0131rd\u0131\u011f\u0131na dikkat \u00e7ekti.<\/p>\n","protected":false},"excerpt":{"rendered":"<p>\u015eAM \u2013 Hava kargosunun yerel \u00fcretime deste\u011finin ilk sonucu olarak Irak\u2019a 100 ton, daha ba\u015fka muhtelif devletlere de 300 ton giyim ihracat\u0131 yap\u0131ld\u0131. Yerel \u00dcretim ve \u0130hracat\u0131 Kalk\u0131nd\u0131rma Kurumu Genel M\u00fcd\u00fcr\u00fc el Mehdi el Dali; hava kargosunun yerel \u00fcretimin ihracat\u0131n\u0131n kalk\u0131nd\u0131r\u0131lmas\u0131nda katk\u0131s\u0131n\u0131n bir g\u00f6stergesi olarak \u015fu ana dek Irak\u2019a 100 ton, daha ba\u015fka devletlere de &hellip;<\/p>\n","protected":false},"author":1,"featured_media":111443,"comment_status":"closed","ping_status":"closed","sticky":false,"template":"","format":"standard","meta":{"footnotes":""},"categories":[485,486,17988],"tags":[28247,28246,16591,25096],"class_list":["post-111441","post","type-post","status-publish","format-standard","has-post-thumbnail","","category-is-ve-sermaye","category-haberler-is-ve-sermaye","category-son-haberler","tag-ihracati-kalkindirma","tag-mehdi-el-dali","tag-suriye","tag-yerel-uretim-ve-ihracati-kalkindirma-kurumu"],"_links":{"self":[{"href":"https:\/\/archive.sana.sy\/tr\/index.php?rest_route=\/wp\/v2\/posts\/111441","targetHints":{"allow":["GET"]}}],"collection":[{"href":"https:\/\/archive.sana.sy\/tr\/index.php?rest_route=\/wp\/v2\/posts"}],"about":[{"href":"https:\/\/archive.sana.sy\/tr\/index.php?rest_route=\/wp\/v2\/types\/post"}],"author":[{"embeddable":true,"href":"https:\/\/archive.sana.sy\/tr\/index.php?rest_route=\/wp\/v2\/users\/1"}],"replies":[{"embeddable":true,"href":"https:\/\/archive.sana.sy\/tr\/index.php?rest_route=%2Fwp%2Fv2%2Fcomments&post=111441"}],"version-history":[{"count":0,"href":"https:\/\/archive.sana.sy\/tr\/index.php?rest_route=\/wp\/v2\/posts\/111441\/revisions"}],"wp:featuredmedia":[{"embeddable":true,"href":"https:\/\/archive.sana.sy\/tr\/index.php?rest_route=\/wp\/v2\/media\/111443"}],"wp:attachment":[{"href":"https:\/\/archive.sana.sy\/tr\/index.php?rest_route=%2Fwp%2Fv2%2Fmedia&parent=111441"}],"wp:term":[{"taxonomy":"category","embeddable":true,"href":"https:\/\/archive.sana.sy\/tr\/index.php?rest_route=%2Fwp%2Fv2%2Fcategories&post=111441"},{"taxonomy":"post_tag","embeddable":true,"href":"https:\/\/archive.sana.sy\/tr\/index.php?rest_route=%2Fwp%2Fv2%2Ftags&post=111441"}],"curies":[{"name":"wp","href":"https:\/\/api.w.org\/{rel}","templated":true}]}}