{"id":111442,"date":"2017-04-17T10:10:06","date_gmt":"2017-04-17T07:10:06","guid":{"rendered":"http:\/\/www.sana.sy\/tr\/?p=111442"},"modified":"2017-04-18T15:24:12","modified_gmt":"2017-04-18T12:24:12","slug":"halepli-teror-magdurlari-evlerine-donuyor","status":"publish","type":"post","link":"https:\/\/archive.sana.sy\/tr\/?p=111442","title":{"rendered":"Halepli Ter\u00f6r Ma\u011fdurlar\u0131 Evlerine D\u00f6n\u00fcyor"},"content":{"rendered":"<p>LAZK\u0130YE \u2013 D\u0131\u015f g\u00fc\u00e7lerin destek ve talimatlar\u0131yla faaliyet g\u00f6steren ter\u00f6ristlerin sivillere sald\u0131r\u0131lar\u0131 nedeniyle daha \u00f6nce Halep Kentinden ka\u00e7arak Lazkiye\u2019ye s\u0131\u011f\u0131nan binlerce vatanda\u015f, Halep\u2019te evlerine d\u00f6nd\u00fc.<\/p>\n<p>Lazkiye\u2019de Spor Kenti Genel M\u00fcd\u00fcr\u00fc Ahmet Ferhat; ordu birliklerimizin ge\u00e7en Aral\u0131k ay\u0131nda Halep Kentinin ter\u00f6rden kurtar\u0131ld\u0131\u011f\u0131n\u0131 ve g\u00fcvenli hale getirildi\u011fini ilan etmesi ard\u0131ndan ter\u00f6r ma\u011fduru binlerce vatanda\u015f\u0131n Halep\u2019te evlerine d\u00f6nd\u00fc\u011f\u00fcn\u00fc belirtti. Ferhat, geriye kalanlar\u0131n ise Lazkiye\u2019de \u00e7ocuklar\u0131 i\u00e7in a\u00e7\u0131lan okullar\u0131n kapanmas\u0131n\u0131 beklediklerini, okullar\u0131n yaz tatiline girmesiyle yine Halep\u2019te evlerine d\u00f6neceklerini ifade etti.<\/p>\n<p>Halep\u2019te ter\u00f6rden ka\u00e7arak Lazkiye\u2019ye s\u0131\u011f\u0131nan ter\u00f6r ma\u011fduru binlerce vatanda\u015f\u0131n spor kentinde haz\u0131rlanan ge\u00e7ici ikamet merkezlerine al\u0131nd\u0131klar\u0131na i\u015faret eden Ferhat; bu vatanda\u015flar\u0131n \u00e7ocuklar\u0131n\u0131n e\u011fitimden mahrum kalmamalar\u0131 i\u00e7in E\u011fitim Bakanl\u0131\u011f\u0131n\u0131n onlara ge\u00e7ici okullar a\u00e7t\u0131\u011f\u0131na dikkat \u00e7ekti. Ferhat bu okullar\u0131n yaz tatiline girmeleri ve ter\u00f6r ma\u011fdurlar\u0131n\u0131n Halep\u2019te evlerine d\u00f6nmeleri ard\u0131ndan Spor Kentinin yeninden d\u00fczenlenip spor faaliyetlerine ba\u015flayaca\u011f\u0131n\u0131 belirtti.<\/p>\n<p>Ferhat spor kentinde ikamet eden ter\u00f6r ma\u011fdurlar\u0131 i\u00e7in gereken t\u00fcm g\u0131da ve temel ihtiya\u00e7lar\u0131n sa\u011fland\u0131\u011f\u0131n\u0131 ifade etti.<\/p>\n<p>Di\u011fer yandan Lazkiye\u2019de spor kentinin haricinde ikamet eden ve ge\u00e7imlerini sa\u011flamak i\u00e7in Lazkiye\u2019de i\u015fyerleri a\u00e7an Halepli ter\u00f6r ma\u011fdurlar\u0131, okullar\u0131n kapanmas\u0131 ve i\u015fyerlerine ili\u015fkin icraatlar\u0131n\u0131 tamamlamalar\u0131 ard\u0131ndan Halep\u2019teki evlerine ve i\u015fyerlerine d\u00f6nmeyi planlad\u0131klar\u0131n\u0131 belirttiler.<\/p>\n","protected":false},"excerpt":{"rendered":"<p>LAZK\u0130YE \u2013 D\u0131\u015f g\u00fc\u00e7lerin destek ve talimatlar\u0131yla faaliyet g\u00f6steren ter\u00f6ristlerin sivillere sald\u0131r\u0131lar\u0131 nedeniyle daha \u00f6nce Halep Kentinden ka\u00e7arak Lazkiye\u2019ye s\u0131\u011f\u0131nan binlerce vatanda\u015f, Halep\u2019te evlerine d\u00f6nd\u00fc. Lazkiye\u2019de Spor Kenti Genel M\u00fcd\u00fcr\u00fc Ahmet Ferhat; ordu birliklerimizin ge\u00e7en Aral\u0131k ay\u0131nda Halep Kentinin ter\u00f6rden kurtar\u0131ld\u0131\u011f\u0131n\u0131 ve g\u00fcvenli hale getirildi\u011fini ilan etmesi ard\u0131ndan ter\u00f6r ma\u011fduru binlerce vatanda\u015f\u0131n Halep\u2019te evlerine d\u00f6nd\u00fc\u011f\u00fcn\u00fc &hellip;<\/p>\n","protected":false},"author":1,"featured_media":111446,"comment_status":"closed","ping_status":"closed","sticky":false,"template":"","format":"standard","meta":{"footnotes":""},"categories":[479,17988,478],"tags":[1132,19654,4026,16591,18442,25844,18708,19285],"class_list":["post-111442","post","type-post","status-publish","format-standard","has-post-thumbnail","","category-haberler-yerel","category-son-haberler","category-yerel","tag-halep","tag-halep-kenti","tag-lazkiye","tag-suriye","tag-suriyeli-multeciler","tag-suriyeli-vatandaslar","tag-tehcir-edilenler","tag-teror-magdurlari"],"_links":{"self":[{"href":"https:\/\/archive.sana.sy\/tr\/index.php?rest_route=\/wp\/v2\/posts\/111442","targetHints":{"allow":["GET"]}}],"collection":[{"href":"https:\/\/archive.sana.sy\/tr\/index.php?rest_route=\/wp\/v2\/posts"}],"about":[{"href":"https:\/\/archive.sana.sy\/tr\/index.php?rest_route=\/wp\/v2\/types\/post"}],"author":[{"embeddable":true,"href":"https:\/\/archive.sana.sy\/tr\/index.php?rest_route=\/wp\/v2\/users\/1"}],"replies":[{"embeddable":true,"href":"https:\/\/archive.sana.sy\/tr\/index.php?rest_route=%2Fwp%2Fv2%2Fcomments&post=111442"}],"version-history":[{"count":0,"href":"https:\/\/archive.sana.sy\/tr\/index.php?rest_route=\/wp\/v2\/posts\/111442\/revisions"}],"wp:featuredmedia":[{"embeddable":true,"href":"https:\/\/archive.sana.sy\/tr\/index.php?rest_route=\/wp\/v2\/media\/111446"}],"wp:attachment":[{"href":"https:\/\/archive.sana.sy\/tr\/index.php?rest_route=%2Fwp%2Fv2%2Fmedia&parent=111442"}],"wp:term":[{"taxonomy":"category","embeddable":true,"href":"https:\/\/archive.sana.sy\/tr\/index.php?rest_route=%2Fwp%2Fv2%2Fcategories&post=111442"},{"taxonomy":"post_tag","embeddable":true,"href":"https:\/\/archive.sana.sy\/tr\/index.php?rest_route=%2Fwp%2Fv2%2Ftags&post=111442"}],"curies":[{"name":"wp","href":"https:\/\/api.w.org\/{rel}","templated":true}]}}