{"id":111457,"date":"2017-04-17T09:00:59","date_gmt":"2017-04-17T06:00:59","guid":{"rendered":"http:\/\/www.sana.sy\/tr\/?p=111457"},"modified":"2017-04-18T15:26:34","modified_gmt":"2017-04-18T12:26:34","slug":"cenevrede-suriye-konulu-uclu-gorusmeler-yapilabilir","status":"publish","type":"post","link":"https:\/\/archive.sana.sy\/tr\/?p=111457","title":{"rendered":"Cenevre&#8217;de Suriye Konulu \u00dc\u00e7l\u00fc G\u00f6r\u00fc\u015fmeler Yap\u0131labilir"},"content":{"rendered":"<p>MOSKOVA \u2013 Rusya Ba\u015fkan\u0131n\u0131n Ortado\u011fu ve Kuzey Afrika \u00d6zel Temsilcisi ve D\u0131\u015fi\u015fleri Bakan Yard\u0131mc\u0131s\u0131 Mikhail Bogdanov; Rusya, ABD ve Birle\u015fmi\u015f Milletler temsilcilerinin \u00f6n\u00fcm\u00fczdeki hafta i\u00e7inde Cenevre&#8217;de Suriye&#8217;deki krize siyasi \u00e7\u00f6z\u00fcm meselesini g\u00f6r\u00fc\u015fmek \u00fczere \u00fc\u00e7l\u00fc temaslarda bulunma plan\u0131 yap\u0131ld\u0131\u011f\u0131n\u0131 belirtti.<\/p>\n<p>RIA Novosti Ajans\u0131n\u0131n bug\u00fcn aktard\u0131\u011f\u0131 a\u00e7\u0131klamalar\u0131nda Bogdanov; s\u00f6z konusu \u00fc\u00e7l\u00fc g\u00f6r\u00fc\u015fmelerin planland\u0131\u011f\u0131n\u0131, fakat ABD\u2019nin bu konuda cevab\u0131n\u0131n beklendi\u011fini kaydetti.<\/p>\n<p>Bogdanov; Rusya temsilcisi olarak D\u0131\u015fi\u015fleri Bakan Yard\u0131mc\u0131s\u0131 Gennady Gatilov\u2019un kat\u0131laca\u011f\u0131 s\u00f6z konusu \u00fc\u00e7l\u00fc g\u00f6r\u00fc\u015fmelerde Suriyeliler aras\u0131 Cenevre g\u00f6r\u00fc\u015fmelerinin yeni turuna ili\u015fkin meselelerin ele al\u0131naca\u011f\u0131n\u0131 kaydetti. Toplant\u0131larda d\u0131\u015f g\u00fc\u00e7lerin tutumlar\u0131n\u0131n da netle\u015ftirilece\u011fini belirten Bogdanov, uluslar aras\u0131 Suriye&#8217;ye destek grubu \u00fclkeleri d\u0131\u015fi\u015fleri bakanlar\u0131 toplant\u0131s\u0131 d\u00fczenlenmesi meselesinin de ele al\u0131naca\u011f\u0131n\u0131 a\u00e7\u0131klad\u0131.<\/p>\n","protected":false},"excerpt":{"rendered":"<p>MOSKOVA \u2013 Rusya Ba\u015fkan\u0131n\u0131n Ortado\u011fu ve Kuzey Afrika \u00d6zel Temsilcisi ve D\u0131\u015fi\u015fleri Bakan Yard\u0131mc\u0131s\u0131 Mikhail Bogdanov; Rusya, ABD ve Birle\u015fmi\u015f Milletler temsilcilerinin \u00f6n\u00fcm\u00fczdeki hafta i\u00e7inde Cenevre&#8217;de Suriye&#8217;deki krize siyasi \u00e7\u00f6z\u00fcm meselesini g\u00f6r\u00fc\u015fmek \u00fczere \u00fc\u00e7l\u00fc temaslarda bulunma plan\u0131 yap\u0131ld\u0131\u011f\u0131n\u0131 belirtti. RIA Novosti Ajans\u0131n\u0131n bug\u00fcn aktard\u0131\u011f\u0131 a\u00e7\u0131klamalar\u0131nda Bogdanov; s\u00f6z konusu \u00fc\u00e7l\u00fc g\u00f6r\u00fc\u015fmelerin planland\u0131\u011f\u0131n\u0131, fakat ABD\u2019nin bu konuda &hellip;<\/p>\n","protected":false},"author":1,"featured_media":111460,"comment_status":"closed","ping_status":"closed","sticky":false,"template":"","format":"standard","meta":{"footnotes":""},"categories":[458,459,17988],"tags":[29049,29047,29048],"class_list":["post-111457","post","type-post","status-publish","format-standard","has-post-thumbnail","","category-dunya1","category-haberler-arap-uluslararasi-politika","category-son-haberler","tag-abd-ve-birlesmis-milletler-temsilcilerinin-onumuzdeki-hafta-icinde-cenevrede-suriyedeki-krize-siyasi-cozum-meselesini-gorusmek-uzere-uclu-temaslarda-bulunma-plani-yapildigini-belirtti","tag-cenevrede-suriye-konulu-uclu-gorusmeler-yapilabilir","tag-moskova-rusya-baskaninin-ortadogu-ve-kuzey-afrika-ozel-temsilcisi-ve-disisleri-bakan-yardimcisi-mikhail-bogdanov-rusya"],"_links":{"self":[{"href":"https:\/\/archive.sana.sy\/tr\/index.php?rest_route=\/wp\/v2\/posts\/111457","targetHints":{"allow":["GET"]}}],"collection":[{"href":"https:\/\/archive.sana.sy\/tr\/index.php?rest_route=\/wp\/v2\/posts"}],"about":[{"href":"https:\/\/archive.sana.sy\/tr\/index.php?rest_route=\/wp\/v2\/types\/post"}],"author":[{"embeddable":true,"href":"https:\/\/archive.sana.sy\/tr\/index.php?rest_route=\/wp\/v2\/users\/1"}],"replies":[{"embeddable":true,"href":"https:\/\/archive.sana.sy\/tr\/index.php?rest_route=%2Fwp%2Fv2%2Fcomments&post=111457"}],"version-history":[{"count":0,"href":"https:\/\/archive.sana.sy\/tr\/index.php?rest_route=\/wp\/v2\/posts\/111457\/revisions"}],"wp:featuredmedia":[{"embeddable":true,"href":"https:\/\/archive.sana.sy\/tr\/index.php?rest_route=\/wp\/v2\/media\/111460"}],"wp:attachment":[{"href":"https:\/\/archive.sana.sy\/tr\/index.php?rest_route=%2Fwp%2Fv2%2Fmedia&parent=111457"}],"wp:term":[{"taxonomy":"category","embeddable":true,"href":"https:\/\/archive.sana.sy\/tr\/index.php?rest_route=%2Fwp%2Fv2%2Fcategories&post=111457"},{"taxonomy":"post_tag","embeddable":true,"href":"https:\/\/archive.sana.sy\/tr\/index.php?rest_route=%2Fwp%2Fv2%2Ftags&post=111457"}],"curies":[{"name":"wp","href":"https:\/\/api.w.org\/{rel}","templated":true}]}}