{"id":111466,"date":"2017-04-17T09:30:33","date_gmt":"2017-04-17T06:30:33","guid":{"rendered":"http:\/\/www.sana.sy\/tr\/?p=111466"},"modified":"2017-04-18T15:24:47","modified_gmt":"2017-04-18T12:24:47","slug":"siyasi-cozum-cabalarinin-sabote-edilmesine-izin-vermeyecegiz","status":"publish","type":"post","link":"https:\/\/archive.sana.sy\/tr\/?p=111466","title":{"rendered":"Siyasi \u00c7\u00f6z\u00fcm \u00c7abalar\u0131n\u0131n Sabote Edilmesine \u0130zin Vermeyece\u011fiz"},"content":{"rendered":"<p>MOSKOVA \u2013 Rusya D\u0131\u015fi\u015fleri Bakan\u0131 Sergey Lavrov \u00fclkesinin, Suriye&#8217;deki krizin uluslar aras\u0131 g\u00fcvenlik konseyi karar\u0131 kapsam\u0131nda siyasi yollarla \u00e7\u00f6z\u00fclmesi ama\u00e7l\u0131 \u00e7abalar\u0131n sabote edilmesine izin vermeyece\u011fini belirtti.<\/p>\n<p>Moskova&#8217;da bug\u00fcn Senegal D\u0131\u015fi\u015fleri Bakan\u0131 Mankeur Ndiaye ile bulundu\u011fu temaslar\u0131n ard\u0131ndan d\u00fczenlenen ortak bas\u0131n toplant\u0131s\u0131nda Lavrov; Suriye&#8217;de siyasi \u00e7\u00f6z\u00fcm\u00fcn sa\u011flanmas\u0131nda zaman kaybedilmemesi gere\u011fini vurgulad\u0131.<\/p>\n<p>Lavrov; Suriye&#8217;ye kar\u015f\u0131 t\u0131rmand\u0131r\u0131lan propagandan\u0131n yan\u0131 s\u0131ra Suriye&#8217;nin i\u00e7inde ve d\u0131\u015f\u0131nda bir k\u0131s\u0131m taraflar\u0131n siyasi \u00e7\u00f6z\u00fcm \u00e7abalar\u0131n\u0131 sabote etmeye \u00e7al\u0131\u015ft\u0131klar\u0131na dikkat \u00e7ekti. Bu ba\u011flamda Suriye h\u00fck\u00fcmetinin de\u011fi\u015ftirilmesi, siyasi \u00e7\u00f6z\u00fcm\u00fcn engellenmesi ve kendi gelece\u011fini kendi elerliyle belirleme hakk\u0131n\u0131n Suriye halk\u0131ndan al\u0131nmaya \u00e7al\u0131\u015f\u0131lmas\u0131 ama\u00e7land\u0131\u011f\u0131na dikkat \u00e7eken Lavrov; bunun tehlikesine kar\u015f\u0131 uyar\u0131da bulundu.<\/p>\n<p>Cenevre g\u00f6r\u00fc\u015fmelerinin yeniden ba\u015flat\u0131lmas\u0131 konusunda ise Lavrov; 3-4 May\u0131s tarihleri aras\u0131nda yap\u0131lmas\u0131 planlanan g\u00f6r\u00fc\u015fmelerin ard\u0131ndan Cenevre&#8217;de yeni tur g\u00f6r\u00fc\u015fmeler i\u00e7in planlar\u0131n yap\u0131lmas\u0131 umudunu ifade etti. Lavrov; BM Suriye \u00f6zel temsilcisi Staffan de Mistura\u2019n\u0131n bu tur g\u00f6r\u00fc\u015fmeleri i\u00e7in uygun bir tarih belirlemesi temennilerinde bulunarak, Ramazan ay\u0131n\u0131n sonras\u0131na ertelenmesi spek\u00fclasyonlar\u0131na da i\u015faret etti.<\/p>\n<p>ABD\u2019nin \u2018kimyasal silah kullan\u0131m\u0131\u2019 bahanesi alt\u0131nda Suriye&#8217;ye bulundu\u011fu sald\u0131r\u0131 konusunda ise Lavrov; Han \u015eeyhun ve \u015euayrat Hava \u00dcss\u00fcnde dakik, tarafs\u0131z ve profesyonel bir soru\u015fturman\u0131n yap\u0131lmas\u0131 konusunda Rusya&#8217;n\u0131n \u0131srar\u0131n\u0131 yineledi. Lavrov; Uluslararas\u0131 Kimyasal Silahlar\u0131 Yasaklama \u00d6rg\u00fct\u00fc OPCW\u2019nin bu konuda bir komite te\u015fkil etti\u011fini ifade etti. Komitede iki b\u00f6l\u00fcm ba\u015fkan\u0131n\u0131n \u0130ngiliz olduklar\u0131na dikkat \u00e7eken Lavrov; bunun da OPCW kanunlar\u0131na kesinlikle ayk\u0131r\u0131 oldu\u011funu, komite \u00fcyeleri aras\u0131nda uluslar aras\u0131 bir dengenin olmas\u0131 gerekti\u011finin alt\u0131n\u0131 \u00e7izdi.<\/p>\n<p>Lavrov; ABD\u2019nin daha \u00f6nceki idarelerinin yan\u0131 s\u0131ra Bat\u0131l\u0131 devletlerin izledikleri tutumlar sonucunda I\u015e\u0130D ve daha \u00f6nce Kaide ter\u00f6r \u00f6rg\u00fctlerinin ortaya \u00e7\u0131kt\u0131\u011f\u0131na vurgu yapt\u0131.<\/p>\n","protected":false},"excerpt":{"rendered":"<p>MOSKOVA \u2013 Rusya D\u0131\u015fi\u015fleri Bakan\u0131 Sergey Lavrov \u00fclkesinin, Suriye&#8217;deki krizin uluslar aras\u0131 g\u00fcvenlik konseyi karar\u0131 kapsam\u0131nda siyasi yollarla \u00e7\u00f6z\u00fclmesi ama\u00e7l\u0131 \u00e7abalar\u0131n sabote edilmesine izin vermeyece\u011fini belirtti. Moskova&#8217;da bug\u00fcn Senegal D\u0131\u015fi\u015fleri Bakan\u0131 Mankeur Ndiaye ile bulundu\u011fu temaslar\u0131n ard\u0131ndan d\u00fczenlenen ortak bas\u0131n toplant\u0131s\u0131nda Lavrov; Suriye&#8217;de siyasi \u00e7\u00f6z\u00fcm\u00fcn sa\u011flanmas\u0131nda zaman kaybedilmemesi gere\u011fini vurgulad\u0131. Lavrov; Suriye&#8217;ye kar\u015f\u0131 t\u0131rmand\u0131r\u0131lan propagandan\u0131n &hellip;<\/p>\n","protected":false},"author":1,"featured_media":111467,"comment_status":"closed","ping_status":"closed","sticky":false,"template":"","format":"standard","meta":{"footnotes":""},"categories":[458,459,17988],"tags":[29052,29051,29053],"class_list":["post-111466","post","type-post","status-publish","format-standard","has-post-thumbnail","","category-dunya1","category-haberler-arap-uluslararasi-politika","category-son-haberler","tag-moskova-rusya-disisleri-bakani-sergey-lavrov-ulkesinin","tag-siyasi-cozum-cabalarinin-sabote-edilmesine-izin-vermeyecegiz","tag-suriyedeki-krizin-uluslar-arasi-guvenlik-konseyi-karari-kapsaminda-siyasi-yollarla-cozulmesi-amacli-cabalarin-sabote-edilmesine-izin-vermeyecegini-belirtti"],"_links":{"self":[{"href":"https:\/\/archive.sana.sy\/tr\/index.php?rest_route=\/wp\/v2\/posts\/111466","targetHints":{"allow":["GET"]}}],"collection":[{"href":"https:\/\/archive.sana.sy\/tr\/index.php?rest_route=\/wp\/v2\/posts"}],"about":[{"href":"https:\/\/archive.sana.sy\/tr\/index.php?rest_route=\/wp\/v2\/types\/post"}],"author":[{"embeddable":true,"href":"https:\/\/archive.sana.sy\/tr\/index.php?rest_route=\/wp\/v2\/users\/1"}],"replies":[{"embeddable":true,"href":"https:\/\/archive.sana.sy\/tr\/index.php?rest_route=%2Fwp%2Fv2%2Fcomments&post=111466"}],"version-history":[{"count":0,"href":"https:\/\/archive.sana.sy\/tr\/index.php?rest_route=\/wp\/v2\/posts\/111466\/revisions"}],"wp:featuredmedia":[{"embeddable":true,"href":"https:\/\/archive.sana.sy\/tr\/index.php?rest_route=\/wp\/v2\/media\/111467"}],"wp:attachment":[{"href":"https:\/\/archive.sana.sy\/tr\/index.php?rest_route=%2Fwp%2Fv2%2Fmedia&parent=111466"}],"wp:term":[{"taxonomy":"category","embeddable":true,"href":"https:\/\/archive.sana.sy\/tr\/index.php?rest_route=%2Fwp%2Fv2%2Fcategories&post=111466"},{"taxonomy":"post_tag","embeddable":true,"href":"https:\/\/archive.sana.sy\/tr\/index.php?rest_route=%2Fwp%2Fv2%2Ftags&post=111466"}],"curies":[{"name":"wp","href":"https:\/\/api.w.org\/{rel}","templated":true}]}}