{"id":111512,"date":"2017-04-17T21:44:55","date_gmt":"2017-04-17T18:44:55","guid":{"rendered":"http:\/\/www.sana.sy\/tr\/?p=111512"},"modified":"2017-04-18T15:20:29","modified_gmt":"2017-04-18T12:20:29","slug":"gorevleri-basindaki-askerlerin-bayramlarini-kutladi","status":"publish","type":"post","link":"https:\/\/archive.sana.sy\/tr\/?p=111512","title":{"rendered":"G\u00f6revleri Ba\u015f\u0131ndaki Askerlerin Bayramlar\u0131n\u0131 Kutlad\u0131 (video)"},"content":{"rendered":"<p>DERA \u2013 Ordu ve Silahl\u0131 Kuvvetler Genel Komutan\u0131 Orgeneral Be\u015f\u015far el Esad&#8217;\u0131n y\u00f6nlendirmesi ile Ordu ve Silahl\u0131 Kuvvetler Genel Komutan Yard\u0131mc\u0131s\u0131 Savunma Bakan\u0131 Korgeneral Fahd Casim el Freyc Kurtulu\u015f Bayram\u0131 71. Y\u0131l\u0131 m\u00fcnasebetiyle Dera ve k\u0131rsal\u0131nda bulunan bir dizi askeri noktay\u0131 ziyaret etti.<\/p>\n<p>Askeri noktalarda g\u00f6revleri ba\u015f\u0131nda bulunan komutanlar\u0131n ve askerlerin bayram\u0131n\u0131 kutlayan Freyc; Cumhurba\u015fkan\u0131 el Esad\u2019\u0131n vatani g\u00f6revlerini lay\u0131k\u0131yla yerine getiren b\u00fct\u00fcn askerlerimizin sergiledikleri fedak\u00e2rl\u0131k ve kahramanl\u0131klarla gurur duydu\u011funu aktard\u0131.<\/p>\n<p>Ziyaret etti\u011fi noktalarda, askerlerimizin teyakkuz durumlar\u0131n\u0131 ve olas\u0131 bir ter\u00f6r sald\u0131r\u0131s\u0131n\u0131 p\u00fcsk\u00fcrterek sivilleri koruma g\u00f6revine haz\u0131r olma durumlar\u0131n\u0131 inceleyen Freyc; kahraman askerlerimizin sergiledi\u011fi fedak\u00e2rl\u0131k ve kahramanl\u0131klara \u00f6vg\u00fcl\u00fc c\u00fcmlelerle dikkat \u00e7ekti.<\/p>\n<p>Di\u011fer taraftan vatan savunmas\u0131ndaki g\u00f6revlerini sonuna kadar yerine getirmede \u0131srarc\u0131 ve kararl\u0131 olduklar\u0131n\u0131 ifade eden komutan ve askerler, vatan topraklar\u0131n\u0131n b\u00fct\u00fcn\u00fcnde g\u00fcvenlik ve istikrar\u0131 sa\u011flay\u0131ncaya kadar vatan\u0131 savunma cephesindeki mevkilerini terk etmeyeceklerinin alt\u0131n\u0131 \u00e7izdiler.<\/p>\n<p>https:\/\/www.youtube.com\/watch?v=fJafimBUp98<\/p>\n","protected":false},"excerpt":{"rendered":"<p>DERA \u2013 Ordu ve Silahl\u0131 Kuvvetler Genel Komutan\u0131 Orgeneral Be\u015f\u015far el Esad&#8217;\u0131n y\u00f6nlendirmesi ile Ordu ve Silahl\u0131 Kuvvetler Genel Komutan Yard\u0131mc\u0131s\u0131 Savunma Bakan\u0131 Korgeneral Fahd Casim el Freyc Kurtulu\u015f Bayram\u0131 71. Y\u0131l\u0131 m\u00fcnasebetiyle Dera ve k\u0131rsal\u0131nda bulunan bir dizi askeri noktay\u0131 ziyaret etti. Askeri noktalarda g\u00f6revleri ba\u015f\u0131nda bulunan komutanlar\u0131n ve askerlerin bayram\u0131n\u0131 kutlayan Freyc; Cumhurba\u015fkan\u0131 &hellip;<\/p>\n","protected":false},"author":1,"featured_media":111514,"comment_status":"closed","ping_status":"closed","sticky":false,"template":"","format":"standard","meta":{"footnotes":""},"categories":[479,17988,478],"tags":[19968,19077,29058,29033,19076,11549],"class_list":["post-111512","post","type-post","status-publish","format-standard","has-post-thumbnail","","category-haberler-yerel","category-son-haberler","category-yerel","tag-bessar-esad","tag-fahd-casim-el-freyc","tag-korgeneral","tag-kurtulus-bayrami","tag-savunma-bakani","tag-suriye-ordusu"],"_links":{"self":[{"href":"https:\/\/archive.sana.sy\/tr\/index.php?rest_route=\/wp\/v2\/posts\/111512","targetHints":{"allow":["GET"]}}],"collection":[{"href":"https:\/\/archive.sana.sy\/tr\/index.php?rest_route=\/wp\/v2\/posts"}],"about":[{"href":"https:\/\/archive.sana.sy\/tr\/index.php?rest_route=\/wp\/v2\/types\/post"}],"author":[{"embeddable":true,"href":"https:\/\/archive.sana.sy\/tr\/index.php?rest_route=\/wp\/v2\/users\/1"}],"replies":[{"embeddable":true,"href":"https:\/\/archive.sana.sy\/tr\/index.php?rest_route=%2Fwp%2Fv2%2Fcomments&post=111512"}],"version-history":[{"count":0,"href":"https:\/\/archive.sana.sy\/tr\/index.php?rest_route=\/wp\/v2\/posts\/111512\/revisions"}],"wp:featuredmedia":[{"embeddable":true,"href":"https:\/\/archive.sana.sy\/tr\/index.php?rest_route=\/wp\/v2\/media\/111514"}],"wp:attachment":[{"href":"https:\/\/archive.sana.sy\/tr\/index.php?rest_route=%2Fwp%2Fv2%2Fmedia&parent=111512"}],"wp:term":[{"taxonomy":"category","embeddable":true,"href":"https:\/\/archive.sana.sy\/tr\/index.php?rest_route=%2Fwp%2Fv2%2Fcategories&post=111512"},{"taxonomy":"post_tag","embeddable":true,"href":"https:\/\/archive.sana.sy\/tr\/index.php?rest_route=%2Fwp%2Fv2%2Ftags&post=111512"}],"curies":[{"name":"wp","href":"https:\/\/api.w.org\/{rel}","templated":true}]}}