{"id":111516,"date":"2017-04-18T11:03:43","date_gmt":"2017-04-18T08:03:43","guid":{"rendered":"http:\/\/www.sana.sy\/tr\/?p=111516"},"modified":"2017-04-19T13:09:13","modified_gmt":"2017-04-19T10:09:13","slug":"putinden-el-esada-mesaj","status":"publish","type":"post","link":"https:\/\/archive.sana.sy\/tr\/?p=111516","title":{"rendered":"Putin\u2019den el Esad\u2019a Mesaj"},"content":{"rendered":"<p>\u015eAM \u2013 Cumhurba\u015fkan\u0131 Be\u015f\u015far el Esad, Kurtulu\u015f Bayram\u0131n\u0131n 71. Y\u0131ld\u00f6n\u00fcm\u00fc m\u00fcnasebetiyle bug\u00fcn Rusya Ba\u015fkan\u0131 Vladimir Putin\u2019den bir kutlama mesaj\u0131 ald\u0131.<\/p>\n<p>Putin mesaj\u0131nda \u00fclkesinin, Suriye&#8217;deki krizin Suriyeliler aras\u0131nda ulusal diyalog arac\u0131l\u0131\u011f\u0131 ile siyasi yollarla \u00e7\u00f6z\u00fclmesine deste\u011fini bir kez daha kaydetti. Bu \u00e7\u00f6z\u00fcmde Suriye&#8217;de kanlar\u0131n ak\u0131t\u0131lmas\u0131na son vermekle birlikte Suriyeli t\u00fcm taraflar\u0131n uluslar aras\u0131 radikallik ve ter\u00f6rle m\u00fccadele konusunda \u00e7abalar\u0131n\u0131 birle\u015ftirmelerine \u00f6zen g\u00f6sterildi\u011fini kaydeden Putin; Rusya&#8217;n\u0131n bu hedeflerle birlikte Suriye&#8217;nin egemenli\u011fini ve toprak b\u00fct\u00fcnl\u00fc\u011f\u00fcn\u00fc koruma deste\u011fini s\u00fcrd\u00fcrme kararl\u0131l\u0131\u011f\u0131nda oldu\u011funun alt\u0131n\u0131 \u00e7izdi.<\/p>\n<p>Putin iki \u00fclke aras\u0131ndaki geleneksel dostluk ili\u015fkilerini muhtelif alanlarda geli\u015ftirme ve geni\u015fletmeyi s\u00fcrd\u00fcrmenin iki dost halk\u0131n \u00e7\u0131karlar\u0131na hizmet etti\u011fini, bunun b\u00f6lgesel ve uluslar aras\u0131 g\u00fcvenli\u011fin sa\u011flanmas\u0131yla tamamen b\u00fct\u00fcnsel bir uyumluluk i\u00e7inde oldu\u011funu ifade etti.<\/p>\n<p>Rusya Ba\u015fkan\u0131 Putin mesaj\u0131n\u0131n sonunda Suriye halk\u0131na istikrar, refah ve bar\u0131\u015f temennilerinde bulunurken, Cumhurba\u015fkan\u0131 el Esad\u2019a da sa\u011fl\u0131k ve ba\u015far\u0131lar\u0131n devam\u0131n\u0131 temenni etti.<\/p>\n","protected":false},"excerpt":{"rendered":"<p>\u015eAM \u2013 Cumhurba\u015fkan\u0131 Be\u015f\u015far el Esad, Kurtulu\u015f Bayram\u0131n\u0131n 71. Y\u0131ld\u00f6n\u00fcm\u00fc m\u00fcnasebetiyle bug\u00fcn Rusya Ba\u015fkan\u0131 Vladimir Putin\u2019den bir kutlama mesaj\u0131 ald\u0131. Putin mesaj\u0131nda \u00fclkesinin, Suriye&#8217;deki krizin Suriyeliler aras\u0131nda ulusal diyalog arac\u0131l\u0131\u011f\u0131 ile siyasi yollarla \u00e7\u00f6z\u00fclmesine deste\u011fini bir kez daha kaydetti. Bu \u00e7\u00f6z\u00fcmde Suriye&#8217;de kanlar\u0131n ak\u0131t\u0131lmas\u0131na son vermekle birlikte Suriyeli t\u00fcm taraflar\u0131n uluslar aras\u0131 radikallik ve ter\u00f6rle &hellip;<\/p>\n","protected":false},"author":1,"featured_media":111523,"comment_status":"closed","ping_status":"closed","sticky":false,"template":"","format":"standard","meta":{"footnotes":""},"categories":[479,605,17988,613,478],"tags":[19968,8767,19842,29033,18850,24122,13043,24119,4625,16744],"class_list":["post-111516","post","type-post","status-publish","format-standard","has-post-thumbnail","","category-haberler-yerel","category-sayin-cumhurbaskani","category-son-haberler","category-telgraflar","category-yerel","tag-bessar-esad","tag-cumhurbaskani","tag-esad-ve-putin","tag-kurtulus-bayrami","tag-rusya-baskani","tag-suriye-cumhurbaskani","tag-suriye-halki","tag-suriye-lideri","tag-suriye-ve-rusya","tag-vladimir-putin"],"_links":{"self":[{"href":"https:\/\/archive.sana.sy\/tr\/index.php?rest_route=\/wp\/v2\/posts\/111516","targetHints":{"allow":["GET"]}}],"collection":[{"href":"https:\/\/archive.sana.sy\/tr\/index.php?rest_route=\/wp\/v2\/posts"}],"about":[{"href":"https:\/\/archive.sana.sy\/tr\/index.php?rest_route=\/wp\/v2\/types\/post"}],"author":[{"embeddable":true,"href":"https:\/\/archive.sana.sy\/tr\/index.php?rest_route=\/wp\/v2\/users\/1"}],"replies":[{"embeddable":true,"href":"https:\/\/archive.sana.sy\/tr\/index.php?rest_route=%2Fwp%2Fv2%2Fcomments&post=111516"}],"version-history":[{"count":0,"href":"https:\/\/archive.sana.sy\/tr\/index.php?rest_route=\/wp\/v2\/posts\/111516\/revisions"}],"wp:featuredmedia":[{"embeddable":true,"href":"https:\/\/archive.sana.sy\/tr\/index.php?rest_route=\/wp\/v2\/media\/111523"}],"wp:attachment":[{"href":"https:\/\/archive.sana.sy\/tr\/index.php?rest_route=%2Fwp%2Fv2%2Fmedia&parent=111516"}],"wp:term":[{"taxonomy":"category","embeddable":true,"href":"https:\/\/archive.sana.sy\/tr\/index.php?rest_route=%2Fwp%2Fv2%2Fcategories&post=111516"},{"taxonomy":"post_tag","embeddable":true,"href":"https:\/\/archive.sana.sy\/tr\/index.php?rest_route=%2Fwp%2Fv2%2Ftags&post=111516"}],"curies":[{"name":"wp","href":"https:\/\/api.w.org\/{rel}","templated":true}]}}